{"id":2431,"date":"2018-07-07T14:50:48","date_gmt":"2018-07-07T12:50:48","guid":{"rendered":"https:\/\/thinking-circular.com\/?p=2431"},"modified":"2020-03-03T15:15:13","modified_gmt":"2020-03-03T14:15:13","slug":"heisser-sommer-gluehender-planet-wie-waere-es-mit-guter-kohle-und-global-cooling","status":"publish","type":"post","link":"https:\/\/thinking-circular.com\/de\/heisser-sommer-gluehender-planet-wie-waere-es-mit-guter-kohle-und-global-cooling\/","title":{"rendered":"Hei\u00dfer Sommer, gl\u00fchender Planet \u2013 wie w\u00e4re es mit \u201eguter\u201c Kohle und Global Cooling?"},"content":{"rendered":"<p>Kohle ist schlecht f\u00fcr das Klima, das ist heute Allgemeinwissen. Es gibt aber auch die \u201egute\u201c Kohle, mit der wir in der Lage sind, CO<sub>2<\/sub> zu speichern und die uns helfen kann, das Klima wieder abzuk\u00fchlen. Der <a href=\"https:\/\/fachverbandpflanzenkohle.org\/\" target=\"_blank\" rel=\"noopener noreferrer\">Fachverband Pflanzenkohle<\/a> will jetzt f\u00fcr Aufkl\u00e4rung und Unterst\u00fctzung f\u00fcr die \u201egute\u201c Kohle sorgen.<\/p>\n<p>Dr. Susanne Vester, Vorsitzende des Fachverbandes Pflanzenkohle, erkl\u00e4rt, was die \u201egute\u201c Pflanzenkohle so alles kann und wie sie hergestellt wird:<\/p>\n<p>&nbsp;<\/p>\n<p><img decoding=\"async\" class=\"size-medium wp-image-2432 alignleft\" src=\"https:\/\/thinking-circular.com\/wp-content\/uploads\/2020\/03\/Biochar-300x200.png\" alt=\"\" width=\"300\" height=\"200\" srcset=\"https:\/\/thinking-circular.com\/wp-content\/uploads\/2020\/03\/Biochar-300x200.png 300w, https:\/\/thinking-circular.com\/wp-content\/uploads\/2020\/03\/Biochar.png 413w\" sizes=\"(max-width: 300px) 100vw, 300px\" \/>\u201ePflanzenkohle hat viele Eigenschaften! Sie dient als Zusatz in Hautcreme, Futtermittel, Abwasserfilter oder als D\u00fcnger, der f\u00fcr bessere B\u00f6den sorgt und diese nicht auslaugt. 55 v\u00f6llig unterschiedliche Anwendungen f\u00fcr die Pflanzenkohle wurden bisher erprobt. Die Vorteile von Pflanzenkohle f\u00fcr die Landwirtschaft sind enorm. Es ist vor allem die feinpor\u00f6se Struktur und die gro\u00dfe innere Oberfl\u00e4che, die den \u00f6kologischen Allesk\u00f6nner mit den vielf\u00e4ltigen Einsatzm\u00f6glichkeiten so erfolgreich macht.<\/p>\n<p>&nbsp;<\/p>\n<p><a href=\"https:\/\/www.eveline-lemke.de\/2018\/07\/heisser-sommer-gluehender-planet-wie-waere-es-mit-guter-kohle-und-global-cooling\/\" target=\"_blank\" rel=\"noopener noreferrer\">Lesen Sie weiter.<\/a><\/p>\n<p>&nbsp;<\/p>\n","protected":false},"excerpt":{"rendered":"<p>Kohle ist schlecht f\u00fcr das Klima, das ist heute Allgemeinwissen. Es gibt aber auch die \u201egute\u201c Kohle, mit der wir in der Lage sind, CO2 zu speichern und die uns helfen kann, das Klima wieder abzuk\u00fchlen. Der Fachverband Pflanzenkohle will jetzt f\u00fcr Aufkl\u00e4rung und Unterst\u00fctzung f\u00fcr die \u201egute\u201c Kohle sorgen. Dr. Susanne Vester, Vorsitzende des Fachverbandes Pflanzenkohle, erkl\u00e4rt, was die \u201egute\u201c Pflanzenkohle so alles kann und wie sie hergestellt wird: &nbsp; \u201ePflanzenkohle hat viele Eigenschaften! Sie dient als Zusatz in Hautcreme, Futtermittel, Abwasserfilter oder als D\u00fcnger, der f\u00fcr&#8230;<\/p>\n","protected":false},"author":11,"featured_media":2435,"comment_status":"open","ping_status":"closed","sticky":false,"template":"","format":"standard","meta":{"footnotes":""},"categories":[10],"tags":[],"class_list":["post-2431","post","type-post","status-publish","format-standard","has-post-thumbnail","hentry","category-news"],"yoast_head":"<!-- This site is optimized with the Yoast SEO plugin v27.4 - https:\/\/yoast.com\/product\/yoast-seo-wordpress\/ -->\n<title>Hei\u00dfer Sommer, gl\u00fchender Planet \u2013 wie w\u00e4re es mit \u201eguter\u201c Kohle und Global Cooling? &#8211; Thinking Circular<\/title>\n<meta name=\"description\" content=\"Kohle ist schlecht f\u00fcr das Klima, das ist heute Allgemeinwissen. Es gibt aber auch die \u201egute\u201c Kohle, mit der wir in der Lage sind, CO2 zu speichern und die uns helfen kann, das Klima wieder abzuk\u00fchlen. Der Fachverband Pflanzenkohle will jetzt f\u00fcr Aufkl\u00e4rung und Unterst\u00fctzung f\u00fcr die \u201egute\u201c Kohle sorgen.\" \/>\n<meta name=\"robots\" content=\"index, follow, max-snippet:-1, max-image-preview:large, max-video-preview:-1\" \/>\n<link rel=\"canonical\" href=\"https:\/\/thinking-circular.com\/de\/heisser-sommer-gluehender-planet-wie-waere-es-mit-guter-kohle-und-global-cooling\/\" \/>\n<meta property=\"og:locale\" content=\"de_DE\" \/>\n<meta property=\"og:type\" content=\"article\" \/>\n<meta property=\"og:title\" content=\"Hei\u00dfer Sommer, gl\u00fchender Planet \u2013 wie w\u00e4re es mit \u201eguter\u201c Kohle und Global Cooling?\" \/>\n<meta property=\"og:description\" content=\"Kohle ist schlecht f\u00fcr das Klima, das ist heute Allgemeinwissen. Es gibt aber auch die \u201egute\u201c Kohle, mit der wir in der Lage sind, CO2 zu speichern und die uns helfen kann, das Klima wieder abzuk\u00fchlen. Der Fachverband Pflanzenkohle will jetzt f\u00fcr Aufkl\u00e4rung und Unterst\u00fctzung f\u00fcr die \u201egute\u201c Kohle sorgen.\" \/>\n<meta property=\"og:url\" content=\"https:\/\/thinking-circular.com\/de\/heisser-sommer-gluehender-planet-wie-waere-es-mit-guter-kohle-und-global-cooling\/\" \/>\n<meta property=\"og:site_name\" content=\"Thinking Circular\" \/>\n<meta property=\"article:published_time\" content=\"2018-07-07T12:50:48+00:00\" \/>\n<meta property=\"article:modified_time\" content=\"2020-03-03T14:15:13+00:00\" \/>\n<meta property=\"og:image\" content=\"https:\/\/thinking-circular.com\/wp-content\/uploads\/2020\/03\/Pflanzenkohle.jpg\" \/>\n\t<meta property=\"og:image:width\" content=\"944\" \/>\n\t<meta property=\"og:image:height\" content=\"508\" \/>\n\t<meta property=\"og:image:type\" content=\"image\/jpeg\" \/>\n<meta name=\"author\" content=\"Eveline Lemke\" \/>\n<meta name=\"twitter:card\" content=\"summary_large_image\" \/>\n<meta name=\"twitter:title\" content=\"Hei\u00dfer Sommer, gl\u00fchender Planet \u2013 wie w\u00e4re es mit \u201eguter\u201c Kohle und Global Cooling?\" \/>\n<meta name=\"twitter:description\" content=\"#Kohle ist schlecht f\u00fcr das #Klima, das ist heute Allgemeinwissen. Es gibt aber auch die \u201egute\u201c Kohle, mit der wir in der Lage sind, #CO2 zu speichern und die uns helfen kann, das Klima wieder abzuk\u00fchlen. Der Fachverband Pflanzenkohle will jetzt f\u00fcr Aufkl\u00e4rung und Unterst\u00fctzung f\u00fcr die \u201egute\u201c Kohle sorgen.\" \/>\n<meta name=\"twitter:image\" content=\"https:\/\/thinking-circular.com\/wp-content\/uploads\/2020\/03\/Pflanzenkohle.jpg\" \/>\n<meta name=\"twitter:label1\" content=\"Verfasst von\" \/>\n\t<meta name=\"twitter:data1\" content=\"Eveline Lemke\" \/>\n\t<meta name=\"twitter:label2\" content=\"Gesch\u00e4tzte Lesezeit\" \/>\n\t<meta name=\"twitter:data2\" content=\"1\u00a0Minute\" \/>\n<script type=\"application\/ld+json\" class=\"yoast-schema-graph\">{\"@context\":\"https:\\\/\\\/schema.org\",\"@graph\":[{\"@type\":\"Article\",\"@id\":\"https:\\\/\\\/thinking-circular.com\\\/de\\\/heisser-sommer-gluehender-planet-wie-waere-es-mit-guter-kohle-und-global-cooling\\\/#article\",\"isPartOf\":{\"@id\":\"https:\\\/\\\/thinking-circular.com\\\/de\\\/heisser-sommer-gluehender-planet-wie-waere-es-mit-guter-kohle-und-global-cooling\\\/\"},\"author\":{\"name\":\"Eveline Lemke\",\"@id\":\"https:\\\/\\\/thinking-circular.com\\\/de\\\/#\\\/schema\\\/person\\\/6f3f86f128eab0494949cbe2b5c0b404\"},\"headline\":\"Hei\u00dfer Sommer, gl\u00fchender Planet \u2013 wie w\u00e4re es mit \u201eguter\u201c Kohle und Global Cooling?\",\"datePublished\":\"2018-07-07T12:50:48+00:00\",\"dateModified\":\"2020-03-03T14:15:13+00:00\",\"mainEntityOfPage\":{\"@id\":\"https:\\\/\\\/thinking-circular.com\\\/de\\\/heisser-sommer-gluehender-planet-wie-waere-es-mit-guter-kohle-und-global-cooling\\\/\"},\"wordCount\":176,\"commentCount\":0,\"publisher\":{\"@id\":\"https:\\\/\\\/thinking-circular.com\\\/de\\\/#organization\"},\"image\":{\"@id\":\"https:\\\/\\\/thinking-circular.com\\\/de\\\/heisser-sommer-gluehender-planet-wie-waere-es-mit-guter-kohle-und-global-cooling\\\/#primaryimage\"},\"thumbnailUrl\":\"https:\\\/\\\/thinking-circular.com\\\/wp-content\\\/uploads\\\/2020\\\/03\\\/Pflanzenkohle.jpg\",\"articleSection\":[\"News\"],\"inLanguage\":\"de\",\"potentialAction\":[{\"@type\":\"CommentAction\",\"name\":\"Comment\",\"target\":[\"https:\\\/\\\/thinking-circular.com\\\/de\\\/heisser-sommer-gluehender-planet-wie-waere-es-mit-guter-kohle-und-global-cooling\\\/#respond\"]}]},{\"@type\":\"WebPage\",\"@id\":\"https:\\\/\\\/thinking-circular.com\\\/de\\\/heisser-sommer-gluehender-planet-wie-waere-es-mit-guter-kohle-und-global-cooling\\\/\",\"url\":\"https:\\\/\\\/thinking-circular.com\\\/de\\\/heisser-sommer-gluehender-planet-wie-waere-es-mit-guter-kohle-und-global-cooling\\\/\",\"name\":\"Hei\u00dfer Sommer, gl\u00fchender Planet \u2013 wie w\u00e4re es mit \u201eguter\u201c Kohle und Global Cooling? &#8211; Thinking Circular\",\"isPartOf\":{\"@id\":\"https:\\\/\\\/thinking-circular.com\\\/de\\\/#website\"},\"primaryImageOfPage\":{\"@id\":\"https:\\\/\\\/thinking-circular.com\\\/de\\\/heisser-sommer-gluehender-planet-wie-waere-es-mit-guter-kohle-und-global-cooling\\\/#primaryimage\"},\"image\":{\"@id\":\"https:\\\/\\\/thinking-circular.com\\\/de\\\/heisser-sommer-gluehender-planet-wie-waere-es-mit-guter-kohle-und-global-cooling\\\/#primaryimage\"},\"thumbnailUrl\":\"https:\\\/\\\/thinking-circular.com\\\/wp-content\\\/uploads\\\/2020\\\/03\\\/Pflanzenkohle.jpg\",\"datePublished\":\"2018-07-07T12:50:48+00:00\",\"dateModified\":\"2020-03-03T14:15:13+00:00\",\"description\":\"Kohle ist schlecht f\u00fcr das Klima, das ist heute Allgemeinwissen. Es gibt aber auch die \u201egute\u201c Kohle, mit der wir in der Lage sind, CO2 zu speichern und die uns helfen kann, das Klima wieder abzuk\u00fchlen. Der Fachverband Pflanzenkohle will jetzt f\u00fcr Aufkl\u00e4rung und Unterst\u00fctzung f\u00fcr die \u201egute\u201c Kohle sorgen.\",\"breadcrumb\":{\"@id\":\"https:\\\/\\\/thinking-circular.com\\\/de\\\/heisser-sommer-gluehender-planet-wie-waere-es-mit-guter-kohle-und-global-cooling\\\/#breadcrumb\"},\"inLanguage\":\"de\",\"potentialAction\":[{\"@type\":\"ReadAction\",\"target\":[\"https:\\\/\\\/thinking-circular.com\\\/de\\\/heisser-sommer-gluehender-planet-wie-waere-es-mit-guter-kohle-und-global-cooling\\\/\"]}]},{\"@type\":\"ImageObject\",\"inLanguage\":\"de\",\"@id\":\"https:\\\/\\\/thinking-circular.com\\\/de\\\/heisser-sommer-gluehender-planet-wie-waere-es-mit-guter-kohle-und-global-cooling\\\/#primaryimage\",\"url\":\"https:\\\/\\\/thinking-circular.com\\\/wp-content\\\/uploads\\\/2020\\\/03\\\/Pflanzenkohle.jpg\",\"contentUrl\":\"https:\\\/\\\/thinking-circular.com\\\/wp-content\\\/uploads\\\/2020\\\/03\\\/Pflanzenkohle.jpg\",\"width\":944,\"height\":508},{\"@type\":\"BreadcrumbList\",\"@id\":\"https:\\\/\\\/thinking-circular.com\\\/de\\\/heisser-sommer-gluehender-planet-wie-waere-es-mit-guter-kohle-und-global-cooling\\\/#breadcrumb\",\"itemListElement\":[{\"@type\":\"ListItem\",\"position\":1,\"name\":\"Startseite\",\"item\":\"https:\\\/\\\/thinking-circular.com\\\/de\\\/\"},{\"@type\":\"ListItem\",\"position\":2,\"name\":\"Hei\u00dfer Sommer, gl\u00fchender Planet \u2013 wie w\u00e4re es mit \u201eguter\u201c Kohle und Global Cooling?\"}]},{\"@type\":\"WebSite\",\"@id\":\"https:\\\/\\\/thinking-circular.com\\\/de\\\/#website\",\"url\":\"https:\\\/\\\/thinking-circular.com\\\/de\\\/\",\"name\":\"Thinking Circular\",\"description\":\"Das Multiversum der Kreislaufwirtschaft.\",\"publisher\":{\"@id\":\"https:\\\/\\\/thinking-circular.com\\\/de\\\/#organization\"},\"potentialAction\":[{\"@type\":\"SearchAction\",\"target\":{\"@type\":\"EntryPoint\",\"urlTemplate\":\"https:\\\/\\\/thinking-circular.com\\\/de\\\/?s={search_term_string}\"},\"query-input\":{\"@type\":\"PropertyValueSpecification\",\"valueRequired\":true,\"valueName\":\"search_term_string\"}}],\"inLanguage\":\"de\"},{\"@type\":\"Organization\",\"@id\":\"https:\\\/\\\/thinking-circular.com\\\/de\\\/#organization\",\"name\":\"Thinking Circular\",\"url\":\"https:\\\/\\\/thinking-circular.com\\\/de\\\/\",\"logo\":{\"@type\":\"ImageObject\",\"inLanguage\":\"de\",\"@id\":\"https:\\\/\\\/thinking-circular.com\\\/de\\\/#\\\/schema\\\/logo\\\/image\\\/\",\"url\":\"https:\\\/\\\/thinking-circular.com\\\/wp-content\\\/uploads\\\/2018\\\/03\\\/logo_experts_solo.png\",\"contentUrl\":\"https:\\\/\\\/thinking-circular.com\\\/wp-content\\\/uploads\\\/2018\\\/03\\\/logo_experts_solo.png\",\"width\":535,\"height\":535,\"caption\":\"Thinking Circular\"},\"image\":{\"@id\":\"https:\\\/\\\/thinking-circular.com\\\/de\\\/#\\\/schema\\\/logo\\\/image\\\/\"}},{\"@type\":\"Person\",\"@id\":\"https:\\\/\\\/thinking-circular.com\\\/de\\\/#\\\/schema\\\/person\\\/6f3f86f128eab0494949cbe2b5c0b404\",\"name\":\"Eveline Lemke\",\"url\":\"https:\\\/\\\/thinking-circular.com\\\/de\\\/author\\\/lemke_tc\\\/\"}]}<\/script>\n<!-- \/ Yoast SEO plugin. -->","yoast_head_json":{"title":"Hei\u00dfer Sommer, gl\u00fchender Planet \u2013 wie w\u00e4re es mit \u201eguter\u201c Kohle und Global Cooling? &#8211; Thinking Circular","description":"Kohle ist schlecht f\u00fcr das Klima, das ist heute Allgemeinwissen. Es gibt aber auch die \u201egute\u201c Kohle, mit der wir in der Lage sind, CO2 zu speichern und die uns helfen kann, das Klima wieder abzuk\u00fchlen. Der Fachverband Pflanzenkohle will jetzt f\u00fcr Aufkl\u00e4rung und Unterst\u00fctzung f\u00fcr die \u201egute\u201c Kohle sorgen.","robots":{"index":"index","follow":"follow","max-snippet":"max-snippet:-1","max-image-preview":"max-image-preview:large","max-video-preview":"max-video-preview:-1"},"canonical":"https:\/\/thinking-circular.com\/de\/heisser-sommer-gluehender-planet-wie-waere-es-mit-guter-kohle-und-global-cooling\/","og_locale":"de_DE","og_type":"article","og_title":"Hei\u00dfer Sommer, gl\u00fchender Planet \u2013 wie w\u00e4re es mit \u201eguter\u201c Kohle und Global Cooling?","og_description":"Kohle ist schlecht f\u00fcr das Klima, das ist heute Allgemeinwissen. Es gibt aber auch die \u201egute\u201c Kohle, mit der wir in der Lage sind, CO2 zu speichern und die uns helfen kann, das Klima wieder abzuk\u00fchlen. Der Fachverband Pflanzenkohle will jetzt f\u00fcr Aufkl\u00e4rung und Unterst\u00fctzung f\u00fcr die \u201egute\u201c Kohle sorgen.","og_url":"https:\/\/thinking-circular.com\/de\/heisser-sommer-gluehender-planet-wie-waere-es-mit-guter-kohle-und-global-cooling\/","og_site_name":"Thinking Circular","article_published_time":"2018-07-07T12:50:48+00:00","article_modified_time":"2020-03-03T14:15:13+00:00","og_image":[{"width":944,"height":508,"url":"https:\/\/thinking-circular.com\/wp-content\/uploads\/2020\/03\/Pflanzenkohle.jpg","type":"image\/jpeg"}],"author":"Eveline Lemke","twitter_card":"summary_large_image","twitter_title":"Hei\u00dfer Sommer, gl\u00fchender Planet \u2013 wie w\u00e4re es mit \u201eguter\u201c Kohle und Global Cooling?","twitter_description":"#Kohle ist schlecht f\u00fcr das #Klima, das ist heute Allgemeinwissen. Es gibt aber auch die \u201egute\u201c Kohle, mit der wir in der Lage sind, #CO2 zu speichern und die uns helfen kann, das Klima wieder abzuk\u00fchlen. Der Fachverband Pflanzenkohle will jetzt f\u00fcr Aufkl\u00e4rung und Unterst\u00fctzung f\u00fcr die \u201egute\u201c Kohle sorgen.","twitter_image":"https:\/\/thinking-circular.com\/wp-content\/uploads\/2020\/03\/Pflanzenkohle.jpg","twitter_misc":{"Verfasst von":"Eveline Lemke","Gesch\u00e4tzte Lesezeit":"1\u00a0Minute"},"schema":{"@context":"https:\/\/schema.org","@graph":[{"@type":"Article","@id":"https:\/\/thinking-circular.com\/de\/heisser-sommer-gluehender-planet-wie-waere-es-mit-guter-kohle-und-global-cooling\/#article","isPartOf":{"@id":"https:\/\/thinking-circular.com\/de\/heisser-sommer-gluehender-planet-wie-waere-es-mit-guter-kohle-und-global-cooling\/"},"author":{"name":"Eveline Lemke","@id":"https:\/\/thinking-circular.com\/de\/#\/schema\/person\/6f3f86f128eab0494949cbe2b5c0b404"},"headline":"Hei\u00dfer Sommer, gl\u00fchender Planet \u2013 wie w\u00e4re es mit \u201eguter\u201c Kohle und Global Cooling?","datePublished":"2018-07-07T12:50:48+00:00","dateModified":"2020-03-03T14:15:13+00:00","mainEntityOfPage":{"@id":"https:\/\/thinking-circular.com\/de\/heisser-sommer-gluehender-planet-wie-waere-es-mit-guter-kohle-und-global-cooling\/"},"wordCount":176,"commentCount":0,"publisher":{"@id":"https:\/\/thinking-circular.com\/de\/#organization"},"image":{"@id":"https:\/\/thinking-circular.com\/de\/heisser-sommer-gluehender-planet-wie-waere-es-mit-guter-kohle-und-global-cooling\/#primaryimage"},"thumbnailUrl":"https:\/\/thinking-circular.com\/wp-content\/uploads\/2020\/03\/Pflanzenkohle.jpg","articleSection":["News"],"inLanguage":"de","potentialAction":[{"@type":"CommentAction","name":"Comment","target":["https:\/\/thinking-circular.com\/de\/heisser-sommer-gluehender-planet-wie-waere-es-mit-guter-kohle-und-global-cooling\/#respond"]}]},{"@type":"WebPage","@id":"https:\/\/thinking-circular.com\/de\/heisser-sommer-gluehender-planet-wie-waere-es-mit-guter-kohle-und-global-cooling\/","url":"https:\/\/thinking-circular.com\/de\/heisser-sommer-gluehender-planet-wie-waere-es-mit-guter-kohle-und-global-cooling\/","name":"Hei\u00dfer Sommer, gl\u00fchender Planet \u2013 wie w\u00e4re es mit \u201eguter\u201c Kohle und Global Cooling? &#8211; Thinking Circular","isPartOf":{"@id":"https:\/\/thinking-circular.com\/de\/#website"},"primaryImageOfPage":{"@id":"https:\/\/thinking-circular.com\/de\/heisser-sommer-gluehender-planet-wie-waere-es-mit-guter-kohle-und-global-cooling\/#primaryimage"},"image":{"@id":"https:\/\/thinking-circular.com\/de\/heisser-sommer-gluehender-planet-wie-waere-es-mit-guter-kohle-und-global-cooling\/#primaryimage"},"thumbnailUrl":"https:\/\/thinking-circular.com\/wp-content\/uploads\/2020\/03\/Pflanzenkohle.jpg","datePublished":"2018-07-07T12:50:48+00:00","dateModified":"2020-03-03T14:15:13+00:00","description":"Kohle ist schlecht f\u00fcr das Klima, das ist heute Allgemeinwissen. Es gibt aber auch die \u201egute\u201c Kohle, mit der wir in der Lage sind, CO2 zu speichern und die uns helfen kann, das Klima wieder abzuk\u00fchlen. Der Fachverband Pflanzenkohle will jetzt f\u00fcr Aufkl\u00e4rung und Unterst\u00fctzung f\u00fcr die \u201egute\u201c Kohle sorgen.","breadcrumb":{"@id":"https:\/\/thinking-circular.com\/de\/heisser-sommer-gluehender-planet-wie-waere-es-mit-guter-kohle-und-global-cooling\/#breadcrumb"},"inLanguage":"de","potentialAction":[{"@type":"ReadAction","target":["https:\/\/thinking-circular.com\/de\/heisser-sommer-gluehender-planet-wie-waere-es-mit-guter-kohle-und-global-cooling\/"]}]},{"@type":"ImageObject","inLanguage":"de","@id":"https:\/\/thinking-circular.com\/de\/heisser-sommer-gluehender-planet-wie-waere-es-mit-guter-kohle-und-global-cooling\/#primaryimage","url":"https:\/\/thinking-circular.com\/wp-content\/uploads\/2020\/03\/Pflanzenkohle.jpg","contentUrl":"https:\/\/thinking-circular.com\/wp-content\/uploads\/2020\/03\/Pflanzenkohle.jpg","width":944,"height":508},{"@type":"BreadcrumbList","@id":"https:\/\/thinking-circular.com\/de\/heisser-sommer-gluehender-planet-wie-waere-es-mit-guter-kohle-und-global-cooling\/#breadcrumb","itemListElement":[{"@type":"ListItem","position":1,"name":"Startseite","item":"https:\/\/thinking-circular.com\/de\/"},{"@type":"ListItem","position":2,"name":"Hei\u00dfer Sommer, gl\u00fchender Planet \u2013 wie w\u00e4re es mit \u201eguter\u201c Kohle und Global Cooling?"}]},{"@type":"WebSite","@id":"https:\/\/thinking-circular.com\/de\/#website","url":"https:\/\/thinking-circular.com\/de\/","name":"Thinking Circular","description":"Das Multiversum der Kreislaufwirtschaft.","publisher":{"@id":"https:\/\/thinking-circular.com\/de\/#organization"},"potentialAction":[{"@type":"SearchAction","target":{"@type":"EntryPoint","urlTemplate":"https:\/\/thinking-circular.com\/de\/?s={search_term_string}"},"query-input":{"@type":"PropertyValueSpecification","valueRequired":true,"valueName":"search_term_string"}}],"inLanguage":"de"},{"@type":"Organization","@id":"https:\/\/thinking-circular.com\/de\/#organization","name":"Thinking Circular","url":"https:\/\/thinking-circular.com\/de\/","logo":{"@type":"ImageObject","inLanguage":"de","@id":"https:\/\/thinking-circular.com\/de\/#\/schema\/logo\/image\/","url":"https:\/\/thinking-circular.com\/wp-content\/uploads\/2018\/03\/logo_experts_solo.png","contentUrl":"https:\/\/thinking-circular.com\/wp-content\/uploads\/2018\/03\/logo_experts_solo.png","width":535,"height":535,"caption":"Thinking Circular"},"image":{"@id":"https:\/\/thinking-circular.com\/de\/#\/schema\/logo\/image\/"}},{"@type":"Person","@id":"https:\/\/thinking-circular.com\/de\/#\/schema\/person\/6f3f86f128eab0494949cbe2b5c0b404","name":"Eveline Lemke","url":"https:\/\/thinking-circular.com\/de\/author\/lemke_tc\/"}]}},"_links":{"self":[{"href":"https:\/\/thinking-circular.com\/de\/wp-json\/wp\/v2\/posts\/2431","targetHints":{"allow":["GET"]}}],"collection":[{"href":"https:\/\/thinking-circular.com\/de\/wp-json\/wp\/v2\/posts"}],"about":[{"href":"https:\/\/thinking-circular.com\/de\/wp-json\/wp\/v2\/types\/post"}],"author":[{"embeddable":true,"href":"https:\/\/thinking-circular.com\/de\/wp-json\/wp\/v2\/users\/11"}],"replies":[{"embeddable":true,"href":"https:\/\/thinking-circular.com\/de\/wp-json\/wp\/v2\/comments?post=2431"}],"version-history":[{"count":1,"href":"https:\/\/thinking-circular.com\/de\/wp-json\/wp\/v2\/posts\/2431\/revisions"}],"predecessor-version":[{"id":2434,"href":"https:\/\/thinking-circular.com\/de\/wp-json\/wp\/v2\/posts\/2431\/revisions\/2434"}],"wp:featuredmedia":[{"embeddable":true,"href":"https:\/\/thinking-circular.com\/de\/wp-json\/wp\/v2\/media\/2435"}],"wp:attachment":[{"href":"https:\/\/thinking-circular.com\/de\/wp-json\/wp\/v2\/media?parent=2431"}],"wp:term":[{"taxonomy":"category","embeddable":true,"href":"https:\/\/thinking-circular.com\/de\/wp-json\/wp\/v2\/categories?post=2431"},{"taxonomy":"post_tag","embeddable":true,"href":"https:\/\/thinking-circular.com\/de\/wp-json\/wp\/v2\/tags?post=2431"}],"curies":[{"name":"wp","href":"https:\/\/api.w.org\/{rel}","templated":true}]}}