{"id":4131,"date":"2021-06-01T14:05:35","date_gmt":"2021-06-01T12:05:35","guid":{"rendered":"https:\/\/thinking-circular.com\/?p=4131"},"modified":"2022-01-10T11:23:39","modified_gmt":"2022-01-10T10:23:39","slug":"wie-verhalten-sich-menschen-in-der-zukunft-nachhaltig","status":"publish","type":"post","link":"https:\/\/thinking-circular.com\/de\/wie-verhalten-sich-menschen-in-der-zukunft-nachhaltig\/","title":{"rendered":"Wie verhalten sich Menschen in der Zukunft nachhaltig?"},"content":{"rendered":"<p>Wie wir heute wissen, ist der Klimawandel menschengemacht. Das hei\u00dft, unser nachhaltiges Verhalten bestimmt \u00fcber unsere Zukunft und die Zukunft unseres Planeten. Wenn Marktforscher das Verhalten von Menschen kategorisieren, entwickeln sie sogenannte Personas. Solche Personas gibt es auch, um Menschen zu beschreiben, die sich nachhaltig verhalten. Allerdings trauen wir keiner Marktforschung. Au\u00dfer, wir haben sie selbst gemacht oder \u00fcberpr\u00fcft. Aus diesem Grund haben wir g\u00e4ngige Personas (mit Namen Hannah, Tom, Dori und Ulrike) der Studie Nachhaltiges Leben 2020 unter die Lupe genommen. Zur \u00dcberpr\u00fcfung haben wir einen eigenen Fragebogen aufgesetzt, den wir Euch hier angeboten hatten.<\/p>\n<h3>Personas zur Betrachtung einer bestimmten Gruppe<\/h3>\n<p>Unsere vier Persona-Typen sind am Ende der Bewertung beschrieben. Zus\u00e4tzlich haben wir dort auch noch Aspekte einer Kritik eingef\u00fcgt, die uns wichtig ist. Dennoch benutzen wir das gedankliche Modell der Personas als <em>Couragierte Weltretter, F\u00fcrsorgliche Gestalter, Konsequente Weltverbesserer und Zur\u00fcckgezogener Pragmatiker<\/em> zur Betrachtung einer relevanten Gr\u00f6\u00dfe von Menschen, die uns aus dem selbstgemachten (menschengemachten) Dilemma wieder rausf\u00fchren k\u00f6nnte. Wir wollen n\u00e4mlich auch wissen, wie gro\u00df die Gruppe an Menschen mit Leadership-Qualit\u00e4ten ist, die uns nachhaltiges Verhalten als Rollen-Modell vermittelt. Schauen wir uns erst einmal unsere \u00dcberpr\u00fcfung an:<\/p>\n<p>Erwartungsgem\u00e4\u00df unterscheiden sich unsere Persona-Typen von den vier Originalen. Als ganz wesentlich stellte sich heraus, dass die demografischen Daten nicht zwingend mit den beschriebenen Typen zusammenpassen und dass Menschen anders leben, als sie angeben, leben zu wollen.<\/p>\n<p>Wir haben festgestellt, dass unter 10 Befragten gerade einmal 1 couragierter Weltretter und 1 konsequenter Weltverbesserer vertreten ist. Weitere 5 Befragte verhalten sich wie zur\u00fcckgezogene Pragmatiker (dieses Verhaltensmuster ist mit Abstand am h\u00e4ufigsten anzutreffen) und die restlichen 3 wie f\u00fcrsorgliche Gestalter.<\/p>\n<p>Wenn wir uns vorstellen, in unserer Gesellschaft w\u00e4ren\u00a0 10 % Weltretter und 10 % Weltverbesserer mit echten Leadership Qualit\u00e4ten, die Unternehmerinnen und Unternehmer dabei unterst\u00fctzen, sie in eine nachhaltige Wirtschaft zu f\u00fchren und wir stellen uns auch vor, dass 80 % (vor allem Mitarbeitende) aus F\u00fcrsorge die Aktivit\u00e4ten der Weltretter mittragen, dann g\u00e4be es ja vielleicht\u00a0 eine Chance, das \u00dcberleben auf diesem Planeten langfristig f\u00fcr uns zu sichern. Leider haben wir aber die Umfrage im Umfeld von ohnehin nachhaltig agierenden Menschen vorgenommen und deshalb m\u00fcssen wir diese Aussage jetzt auch noch mal richtig auf Unternehmensebene einordnen.<\/p>\n<h3>Nur 1.120 F\u00fchrungspers\u00f6nlichkeiten f\u00fcr Nachhaltigkeit<\/h3>\n<p>Wir holen uns\u00a0 eine Zahl aus dem <a href=\"https:\/\/www.nachhaltigkeitsrat.de\/wp-content\/uploads\/2021\/05\/2105012_Studie_Stand_nachhaltiges_Wirtschaften_Deutschland.pdf\" target=\"_blank\" rel=\"noopener noreferrer nofollow\">Bericht des Rates f\u00fcr Nachhaltigkeit<\/a> aus diesem Jahr. Damit \u00a0wissen wir, dass nicht einmal 0,13 % der Unternehmen nachhaltig handeln. Mehr als 3 Mio. Unternehmen verhalten sich einfach NICHT zur Nachhaltigkeit. Auf dieser Grundlage d\u00fcrfen wir davon ausgehen, dass aktuell nur ca. 1.120 Unternehmenschef*Innen als Weltretter*Innen oder Weltverbesser*Innen Nachhaltigkeit vorantreiben und wirkliche \u201eLeadership-Qualit\u00e4ten\u201c an den Tag legen. Ob das reicht? K\u00f6nnen diese 1.120 Menschen rund 3 Millionen andere Unternehmenschef*Innen motivieren, nachhaltiger zu werden?<\/p>\n<p>Wir denken schon, denn bei der Beantwortung der Frage, wie Menschen sich in der Zukunft nachhaltig verhalten, finden sich Antworten in der Gegenwart: Die vier Personas zeigen, wie nachhaltiges Verhalten bereits heute gelebt wird und sie zeigen die Charaktereigenschaften, die der Homo Circularis aufweist. Der Homo Circularis gibt Antworten <a href=\"https:\/\/thinking-circular.com\/de\/homo-circularis\/\">#Homo Circularis \u2013 Thinking Circular<\/a>, wie Menschen sich in der Zukunft nachhaltig verhalten, wenn die Transformation in die zirkul\u00e4re Utopie einer Circular Economy und einer Circular Society gelingt.<\/p>\n<p>Das gibt Grund zur Hoffnung! Wenn mehr Menschen sich wie ein Homo Circularis verhalten, k\u00f6nnen wir die Verhaltensgeschichte der Zukunft selbst schreiben und \u00fcberleben. Und das m\u00fcssen wir auch tun, denn der Klimawandel ist das existenzgef\u00e4hrdende Resultat unseres Verhaltens. Wenn wir aus diesem Wissen nicht lernen uns anders zu verhalten, dann wird es auch keine Zukunft f\u00fcr Menschen auf diesem Planeten geben.<\/p>\n<p>&#8212;&#8212;&#8212;&#8212;&#8212;&#8212;&#8212;&#8212;&#8212;&#8212;<\/p>\n<h4>Vorstellung der Personas und Kritik<\/h4>\n<p>&nbsp;<\/p>\n<h4><strong>Hannah, 24 Jahre alt, Studentin: <\/strong>(Alter und Beruf von uns fiktiv hinzugef\u00fcgt)<\/h4>\n<p>Hannah ist vom Nachhaltigkeitstyp her \u201eCouragierte Weltretterin\u201c. Diese Gruppe von Nachhaltigkeitsmenschen geh\u00f6rt zu den Generationen Y und Z. Couragierte Weltretter sind also zwischen 1980 und 2012 geboren. Sie folgen bewusst anderen Werten als die Generationen vor ihnen.<\/p>\n<p>F\u00fcr einen Gro\u00dfteil dieses Segments gilt, dass sie bevorzugt in der Stadt leben, ein geringes Einkommen haben, eine mittlere bis hohe Bildung genie\u00dfen, ledig sind und keine Kinder haben. Die meisten couragierten Weltretter sind weiblich.<\/p>\n<p>Morgens h\u00f6ren sie gerne Musik \u00fcber diverse Streamingdienste. Tags\u00fcber nutzen sie \u00fcber ihr Smartphone Online Presse und zwischendurch Social Media. Abends schauen sie Serien und Dokus \u00fcber Streamingdienste. Klassisches Fernsehen schauen sie eher seltener.<\/p>\n<p>83% der couragierten Weltretter sind sehr affin f\u00fcr vegetarische Ern\u00e4hrung. 81% interessieren sich f\u00fcr Naturkosmetik. Und 91% wollen Plastikverpackungen vermeiden.<\/p>\n<p>Zu den wichtigsten Themen geh\u00f6ren f\u00fcr sie Tierwohl, keine Massentierhaltung und saubere Umwelt. Ihre wichtigsten Werte sind Freiheit, Neugier, Zusammenhalt, Toleranz und Frieden.<\/p>\n<h4><strong>Tom, 35 Jahre alt, Ingenieur: <\/strong>(Alter und Beruf von uns fiktiv hinzugef\u00fcgt)<\/h4>\n<p>Tom ist vom Nachhaltigkeitstyp her \u201eF\u00fcrsorglicher Gestalter\u201c. Diese Gruppe von Nachhaltigkeitsmenschen geh\u00f6rt zu den Generationen X und Y. F\u00fcrsorgliche Gestalter sind also zwischen 1965 und 1999 geboren.<\/p>\n<p>F\u00fcr einen Gro\u00dfteil dieses Segments gilt, dass sie sowohl gerne in der Stadt als auch auf dem Land leben, ein mittleres bis hohes Einkommen haben, eine mittlere bis hohe Bildung genie\u00dfen, verheiratet sind und Kinder haben. Die meisten f\u00fcrsorglichen Gestalter sind m\u00e4nnlich.<\/p>\n<p>Morgens lesen sie klassische Tageszeitung und h\u00f6ren Radio. Tags\u00fcber nutzen sie Online Presse und h\u00f6ren Podcasts. Abends schauen sie sowohl Streamingdienste als auch klassisches Fernsehen.<\/p>\n<p>92% der f\u00fcrsorglichen Gestalter versuchen Mikroplastik zu vermeiden. 83% verwenden \u00d6kostrom. Und 77% nutzen vermehrt Fahrrad, \u00f6ffentliche Verkehrsmittel oder Car-Sharing statt mit dem eigenen Auto zu fahren.<\/p>\n<p>Zu den wichtigsten Themen geh\u00f6ren f\u00fcr sie liebevoller Umgang mit Kindern, Familienfrieden und Zeit mit der Familie. Ihre wichtigsten Werte sind Gerechtigkeit und nicht vorschnell zu urteilen.<\/p>\n<h4><strong>Dori, 50 Jahre alt, Professorin: <\/strong>(Alter und Beruf von uns fiktiv hinzugef\u00fcgt)<\/h4>\n<p>Dori ist vom Nachhaltigkeitstyp her \u201eKonsequente Weltverbesserin\u201c. Diese Gruppe von Nachhaltigkeitsmenschen l\u00e4sst sich in allen Generationen wiederfinden.<\/p>\n<p>F\u00fcr einen Gro\u00dfteil dieses Segments gilt, dass sie bevorzugt in der Gro\u00dfstadt leben, ein hohes Einkommen haben, eine mittlere bis hohe Bildung genie\u00dfen, verheiratet sind oder in einer Beziehung leben. Viele von ihnen haben Kinder. Konsequente Weltverbesserer sind gleichverteilt unter M\u00e4nnern und Frauen.<\/p>\n<p>Morgens und tags\u00fcber lesen sie gerne Blogs, Online Presse und Online Magazine und h\u00f6ren Podcasts. Klassische Zeitungen nutzen sie eher seltener. Auch Social Media nutzen sie so gut wie gar nicht. Abends schauen sie Serien und Dokus \u00fcber Streamingdienste. Klassisches Fernsehen spricht sie nicht an.<strong>\u00a0\u00a0\u00a0\u00a0\u00a0\u00a0\u00a0\u00a0\u00a0\u00a0\u00a0\u00a0\u00a0\u00a0\u00a0 <\/strong><\/p>\n<p>95% der konsequenten Weltverbesserer haben eine hohe Affinit\u00e4t f\u00fcr nachhaltig und fair hergestellte Kleidung. 87% verreisen weniger mit dem Flugzeug. Und 82% achten auf ethische und gr\u00fcne Investments ihrer Bank.<\/p>\n<p>Zu den wichtigsten Themen geh\u00f6ren f\u00fcr sie Umwelt und Frieden. Ihre wichtigsten Werte sind Vertrauen und Respekt.<\/p>\n<h4><strong>Ulrike, 67 Jahre alt, Rentnerin: <\/strong>(Alter und Beruf von uns fiktiv hinzugef\u00fcgt)<\/h4>\n<p>Ulrike ist vom Nachhaltigkeitstyp her \u201eZur\u00fcckgezogene Pragmatikerin\u201c. Diese Gruppe von Nachhaltigkeitsmenschen ist eine Untergruppe der Babyboomer. Zur\u00fcckgezogene Pragmatiker sind also zwischen 1946 und 1964 geboren.<\/p>\n<p>F\u00fcr einen Gro\u00dfteil dieses Segments gilt, dass sie bevorzugt l\u00e4ndlich leben, ein mittleres Einkommen haben, eine mittlere Bildung genie\u00dfen, verheiratet sind und Kinder haben. Die meisten zur\u00fcckgezogenen Pragmatiker sind weiblich.<\/p>\n<p>Morgens lesen sie klassische Tageszeitungen. Tags\u00fcber nutzen sie Social Media und gelegentlich Online Magazine. Abends schauen sie \u00fcberwiegend klassisches Fernsehen.<\/p>\n<p>95% der zur\u00fcckgezogenen Pragmatiker versuchen Verpackungen, v.a. aus Plastik, zu vermeiden. 91% sind sehr affin f\u00fcr regionale Produkte. Und 84% nutzen nat\u00fcrliche Reinigungsmittel.<\/p>\n<p>Zu den wichtigsten Themen geh\u00f6ren f\u00fcr sie Familie und Hilfsbereitschaft. Ihre wichtigsten Werte sind Ehrlichkeit, Toleranz und Respekt.<\/p>\n<p><strong>___________________________________________________<\/strong><\/p>\n<h4>Daran gibt es zwei Kritikpunkte zu \u00e4u\u00dfern:<\/h4>\n<p>&nbsp;<\/p>\n<ol>\n<li>\n<h4><strong>Die Darstellung solcher Personas kann zu Greenwashing f\u00fchren.<\/strong><\/h4>\n<\/li>\n<\/ol>\n<p>Denn nicht jedes Unternehmen und nicht jede Marketingagentur verfolgt noble Ziele. Vorrangig bleibt das Ziel mehr Profit zu machen, indem gr\u00fcne Produkte besser vermarktet werden k\u00f6nnen, weil man wei\u00df, wie Menschen ticken, die nur gr\u00fcn kaufen. Ob diese Produkte dann tats\u00e4chlich so gr\u00fcn sind, oder nur Green Buzz Words verwendet werden, die den Werten dieser Personas entsprechen, ist h\u00e4ufig intransparent. F\u00fcr den Kunden, der sich sch\u00fctzen m\u00f6chte, gilt dann: Erst Recherche, dann kaufen. Wie zirkul\u00e4rer Konsum funktionieren kann, kann in dieser <a href=\"https:\/\/pod.co\/gruene-wirtschaft-fuer-morgen-circular-economy\/zirkulrer-konsum\" target=\"_blank\" rel=\"noopener noreferrer nofollow\">Podcast-Folge<\/a> nachgeh\u00f6rt werden.<\/p>\n<ol start=\"2\">\n<li>\n<h4><strong>Die Methode zur Entwicklung von Personas gilt als umstritten in der Forschung. <\/strong><\/h4>\n<\/li>\n<\/ol>\n<p>Sie beinhaltet kreativen Spielraum. Nichtsdestotrotz kann sie hilfreich sein. Zum Beispiel, wenn es darum geht, Verhaltensfragen zu beleuchten. Und auch, um Klarheit zu verschaffen. Personas werden h\u00e4ufig in Bildern erstellt und m\u00f6glichst realit\u00e4tsnah. Die Persona bekommt dann einen Namen, Kleidung, ein Gesicht. Unsere kreative Gehirnh\u00e4lfte, unsere Vorstellungskraft, springt darauf an. Forschung wird pl\u00f6tzlich greifbar. Und genau daher gilt die Persona-Methode auch als forschungsproblematisch. Nach wie vor gilt: Forschung ist nur dann sexy, wenn sie den Leser geradezu intellektuell \u00fcberfordert. Wer schlau klingt, muss schlau sein. Heute gilt jedoch immer mehr, \u201eF\u00fcr Dummies\u201c ist das neue Sexy. Keep it short, simple\u2026and stupid! Forschung und Bildung werden auf kreative Weise revolutioniert. Und es zeigt sich: So einfach wie m\u00f6glich ist manchmal viel schwieriger als komplexe Darstellungen.<\/p>\n<p>Von Eveline Lemke und Charl\u00e9ne Nessel<\/p>\n","protected":false},"excerpt":{"rendered":"<p>Wie wir heute wissen, ist der Klimawandel menschengemacht. Das hei\u00dft, unser nachhaltiges Verhalten bestimmt \u00fcber unsere Zukunft und die Zukunft unseres Planeten. Wenn Marktforscher das Verhalten von Menschen kategorisieren, entwickeln sie sogenannte Personas. Solche Personas gibt es auch, um Menschen zu beschreiben, die sich nachhaltig verhalten. Allerdings trauen wir keiner Marktforschung. Au\u00dfer, wir haben sie selbst gemacht oder \u00fcberpr\u00fcft. Aus diesem Grund haben wir g\u00e4ngige Personas (mit Namen Hannah, Tom, Dori und Ulrike) der Studie Nachhaltiges Leben 2020 unter die Lupe genommen. Zur \u00dcberpr\u00fcfung haben wir einen eigenen&#8230;<\/p>\n","protected":false},"author":11,"featured_media":4132,"comment_status":"closed","ping_status":"closed","sticky":false,"template":"","format":"standard","meta":{"footnotes":""},"categories":[10],"tags":[77,81,59,31],"class_list":["post-4131","post","type-post","status-publish","format-standard","has-post-thumbnail","hentry","category-news","tag-homo-circularis","tag-klimawandel","tag-nachhaltigkeit","tag-sustainability-de"],"yoast_head":"<!-- This site is optimized with the Yoast SEO plugin v27.4 - https:\/\/yoast.com\/product\/yoast-seo-wordpress\/ -->\n<title>Wie verhalten sich Menschen in der Zukunft nachhaltig? &#8211;<\/title>\n<meta name=\"description\" content=\"Nachhaltiges Verhalten in der Zukunft und die Auswirkungen auf den Klimawandel lassen ein neues Menschenbild entstehen.\" \/>\n<meta name=\"robots\" content=\"index, follow, max-snippet:-1, max-image-preview:large, max-video-preview:-1\" \/>\n<link rel=\"canonical\" href=\"https:\/\/thinking-circular.com\/de\/wie-verhalten-sich-menschen-in-der-zukunft-nachhaltig\/\" \/>\n<meta property=\"og:locale\" content=\"de_DE\" \/>\n<meta property=\"og:type\" content=\"article\" \/>\n<meta property=\"og:title\" content=\"Wie verhalten sich Menschen in der Zukunft nachhaltig?\" \/>\n<meta property=\"og:description\" content=\"Wie wir heute wissen, ist der Klimawandel menschengemacht. Das hei\u00dft, unser nachhaltiges Verhalten bestimmt \u00fcber unsere Zukunft und die Zukunft unseres Planeten.\" \/>\n<meta property=\"og:url\" content=\"https:\/\/thinking-circular.com\/de\/wie-verhalten-sich-menschen-in-der-zukunft-nachhaltig\/\" \/>\n<meta property=\"og:site_name\" content=\"Thinking Circular\" \/>\n<meta property=\"article:published_time\" content=\"2021-06-01T12:05:35+00:00\" \/>\n<meta property=\"article:modified_time\" content=\"2022-01-10T10:23:39+00:00\" \/>\n<meta property=\"og:image\" content=\"https:\/\/thinking-circular.com\/wp-content\/uploads\/2021\/06\/Future-Leader.jpg\" \/>\n\t<meta property=\"og:image:width\" content=\"1915\" \/>\n\t<meta property=\"og:image:height\" content=\"1885\" \/>\n\t<meta property=\"og:image:type\" content=\"image\/jpeg\" \/>\n<meta name=\"author\" content=\"Eveline Lemke\" \/>\n<meta name=\"twitter:card\" content=\"summary_large_image\" \/>\n<meta name=\"twitter:title\" content=\"Wie verhalten sich Menschen in der Zukunft nachhaltig?\" \/>\n<meta name=\"twitter:description\" content=\"Wie wir heute wissen, ist der Klimawandel menschengemacht. Das hei\u00dft, unser nachhaltiges Verhalten bestimmt \u00fcber unsere Zukunft und die Zukunft unseres Planeten.\" \/>\n<meta name=\"twitter:image\" content=\"https:\/\/thinking-circular.com\/wp-content\/uploads\/2021\/06\/Future-Leader.jpg\" \/>\n<meta name=\"twitter:label1\" content=\"Verfasst von\" \/>\n\t<meta name=\"twitter:data1\" content=\"Eveline Lemke\" \/>\n\t<meta name=\"twitter:label2\" content=\"Gesch\u00e4tzte Lesezeit\" \/>\n\t<meta name=\"twitter:data2\" content=\"7\u00a0Minuten\" \/>\n<script type=\"application\/ld+json\" class=\"yoast-schema-graph\">{\"@context\":\"https:\\\/\\\/schema.org\",\"@graph\":[{\"@type\":\"Article\",\"@id\":\"https:\\\/\\\/thinking-circular.com\\\/de\\\/wie-verhalten-sich-menschen-in-der-zukunft-nachhaltig\\\/#article\",\"isPartOf\":{\"@id\":\"https:\\\/\\\/thinking-circular.com\\\/de\\\/wie-verhalten-sich-menschen-in-der-zukunft-nachhaltig\\\/\"},\"author\":{\"name\":\"Eveline Lemke\",\"@id\":\"https:\\\/\\\/thinking-circular.com\\\/de\\\/#\\\/schema\\\/person\\\/6f3f86f128eab0494949cbe2b5c0b404\"},\"headline\":\"Wie verhalten sich Menschen in der Zukunft nachhaltig?\",\"datePublished\":\"2021-06-01T12:05:35+00:00\",\"dateModified\":\"2022-01-10T10:23:39+00:00\",\"mainEntityOfPage\":{\"@id\":\"https:\\\/\\\/thinking-circular.com\\\/de\\\/wie-verhalten-sich-menschen-in-der-zukunft-nachhaltig\\\/\"},\"wordCount\":1536,\"publisher\":{\"@id\":\"https:\\\/\\\/thinking-circular.com\\\/de\\\/#organization\"},\"image\":{\"@id\":\"https:\\\/\\\/thinking-circular.com\\\/de\\\/wie-verhalten-sich-menschen-in-der-zukunft-nachhaltig\\\/#primaryimage\"},\"thumbnailUrl\":\"https:\\\/\\\/thinking-circular.com\\\/wp-content\\\/uploads\\\/2021\\\/06\\\/Future-Leader.jpg\",\"keywords\":[\"#Homo Circularis\",\"Klimawandel\",\"Nachhaltigkeit\",\"Sustainability\"],\"articleSection\":[\"News\"],\"inLanguage\":\"de\"},{\"@type\":\"WebPage\",\"@id\":\"https:\\\/\\\/thinking-circular.com\\\/de\\\/wie-verhalten-sich-menschen-in-der-zukunft-nachhaltig\\\/\",\"url\":\"https:\\\/\\\/thinking-circular.com\\\/de\\\/wie-verhalten-sich-menschen-in-der-zukunft-nachhaltig\\\/\",\"name\":\"Wie verhalten sich Menschen in der Zukunft nachhaltig? &#8211;\",\"isPartOf\":{\"@id\":\"https:\\\/\\\/thinking-circular.com\\\/de\\\/#website\"},\"primaryImageOfPage\":{\"@id\":\"https:\\\/\\\/thinking-circular.com\\\/de\\\/wie-verhalten-sich-menschen-in-der-zukunft-nachhaltig\\\/#primaryimage\"},\"image\":{\"@id\":\"https:\\\/\\\/thinking-circular.com\\\/de\\\/wie-verhalten-sich-menschen-in-der-zukunft-nachhaltig\\\/#primaryimage\"},\"thumbnailUrl\":\"https:\\\/\\\/thinking-circular.com\\\/wp-content\\\/uploads\\\/2021\\\/06\\\/Future-Leader.jpg\",\"datePublished\":\"2021-06-01T12:05:35+00:00\",\"dateModified\":\"2022-01-10T10:23:39+00:00\",\"description\":\"Nachhaltiges Verhalten in der Zukunft und die Auswirkungen auf den Klimawandel lassen ein neues Menschenbild entstehen.\",\"breadcrumb\":{\"@id\":\"https:\\\/\\\/thinking-circular.com\\\/de\\\/wie-verhalten-sich-menschen-in-der-zukunft-nachhaltig\\\/#breadcrumb\"},\"inLanguage\":\"de\",\"potentialAction\":[{\"@type\":\"ReadAction\",\"target\":[\"https:\\\/\\\/thinking-circular.com\\\/de\\\/wie-verhalten-sich-menschen-in-der-zukunft-nachhaltig\\\/\"]}]},{\"@type\":\"ImageObject\",\"inLanguage\":\"de\",\"@id\":\"https:\\\/\\\/thinking-circular.com\\\/de\\\/wie-verhalten-sich-menschen-in-der-zukunft-nachhaltig\\\/#primaryimage\",\"url\":\"https:\\\/\\\/thinking-circular.com\\\/wp-content\\\/uploads\\\/2021\\\/06\\\/Future-Leader.jpg\",\"contentUrl\":\"https:\\\/\\\/thinking-circular.com\\\/wp-content\\\/uploads\\\/2021\\\/06\\\/Future-Leader.jpg\",\"width\":1915,\"height\":1885},{\"@type\":\"BreadcrumbList\",\"@id\":\"https:\\\/\\\/thinking-circular.com\\\/de\\\/wie-verhalten-sich-menschen-in-der-zukunft-nachhaltig\\\/#breadcrumb\",\"itemListElement\":[{\"@type\":\"ListItem\",\"position\":1,\"name\":\"Startseite\",\"item\":\"https:\\\/\\\/thinking-circular.com\\\/de\\\/\"},{\"@type\":\"ListItem\",\"position\":2,\"name\":\"Wie verhalten sich Menschen in der Zukunft nachhaltig?\"}]},{\"@type\":\"WebSite\",\"@id\":\"https:\\\/\\\/thinking-circular.com\\\/de\\\/#website\",\"url\":\"https:\\\/\\\/thinking-circular.com\\\/de\\\/\",\"name\":\"Thinking Circular\",\"description\":\"Das Multiversum der Kreislaufwirtschaft.\",\"publisher\":{\"@id\":\"https:\\\/\\\/thinking-circular.com\\\/de\\\/#organization\"},\"potentialAction\":[{\"@type\":\"SearchAction\",\"target\":{\"@type\":\"EntryPoint\",\"urlTemplate\":\"https:\\\/\\\/thinking-circular.com\\\/de\\\/?s={search_term_string}\"},\"query-input\":{\"@type\":\"PropertyValueSpecification\",\"valueRequired\":true,\"valueName\":\"search_term_string\"}}],\"inLanguage\":\"de\"},{\"@type\":\"Organization\",\"@id\":\"https:\\\/\\\/thinking-circular.com\\\/de\\\/#organization\",\"name\":\"Thinking Circular\",\"url\":\"https:\\\/\\\/thinking-circular.com\\\/de\\\/\",\"logo\":{\"@type\":\"ImageObject\",\"inLanguage\":\"de\",\"@id\":\"https:\\\/\\\/thinking-circular.com\\\/de\\\/#\\\/schema\\\/logo\\\/image\\\/\",\"url\":\"https:\\\/\\\/thinking-circular.com\\\/wp-content\\\/uploads\\\/2018\\\/03\\\/logo_experts_solo.png\",\"contentUrl\":\"https:\\\/\\\/thinking-circular.com\\\/wp-content\\\/uploads\\\/2018\\\/03\\\/logo_experts_solo.png\",\"width\":535,\"height\":535,\"caption\":\"Thinking Circular\"},\"image\":{\"@id\":\"https:\\\/\\\/thinking-circular.com\\\/de\\\/#\\\/schema\\\/logo\\\/image\\\/\"}},{\"@type\":\"Person\",\"@id\":\"https:\\\/\\\/thinking-circular.com\\\/de\\\/#\\\/schema\\\/person\\\/6f3f86f128eab0494949cbe2b5c0b404\",\"name\":\"Eveline Lemke\",\"url\":\"https:\\\/\\\/thinking-circular.com\\\/de\\\/author\\\/lemke_tc\\\/\"}]}<\/script>\n<!-- \/ Yoast SEO plugin. -->","yoast_head_json":{"title":"Wie verhalten sich Menschen in der Zukunft nachhaltig? &#8211;","description":"Nachhaltiges Verhalten in der Zukunft und die Auswirkungen auf den Klimawandel lassen ein neues Menschenbild entstehen.","robots":{"index":"index","follow":"follow","max-snippet":"max-snippet:-1","max-image-preview":"max-image-preview:large","max-video-preview":"max-video-preview:-1"},"canonical":"https:\/\/thinking-circular.com\/de\/wie-verhalten-sich-menschen-in-der-zukunft-nachhaltig\/","og_locale":"de_DE","og_type":"article","og_title":"Wie verhalten sich Menschen in der Zukunft nachhaltig?","og_description":"Wie wir heute wissen, ist der Klimawandel menschengemacht. Das hei\u00dft, unser nachhaltiges Verhalten bestimmt \u00fcber unsere Zukunft und die Zukunft unseres Planeten.","og_url":"https:\/\/thinking-circular.com\/de\/wie-verhalten-sich-menschen-in-der-zukunft-nachhaltig\/","og_site_name":"Thinking Circular","article_published_time":"2021-06-01T12:05:35+00:00","article_modified_time":"2022-01-10T10:23:39+00:00","og_image":[{"width":1915,"height":1885,"url":"https:\/\/thinking-circular.com\/wp-content\/uploads\/2021\/06\/Future-Leader.jpg","type":"image\/jpeg"}],"author":"Eveline Lemke","twitter_card":"summary_large_image","twitter_title":"Wie verhalten sich Menschen in der Zukunft nachhaltig?","twitter_description":"Wie wir heute wissen, ist der Klimawandel menschengemacht. Das hei\u00dft, unser nachhaltiges Verhalten bestimmt \u00fcber unsere Zukunft und die Zukunft unseres Planeten.","twitter_image":"https:\/\/thinking-circular.com\/wp-content\/uploads\/2021\/06\/Future-Leader.jpg","twitter_misc":{"Verfasst von":"Eveline Lemke","Gesch\u00e4tzte Lesezeit":"7\u00a0Minuten"},"schema":{"@context":"https:\/\/schema.org","@graph":[{"@type":"Article","@id":"https:\/\/thinking-circular.com\/de\/wie-verhalten-sich-menschen-in-der-zukunft-nachhaltig\/#article","isPartOf":{"@id":"https:\/\/thinking-circular.com\/de\/wie-verhalten-sich-menschen-in-der-zukunft-nachhaltig\/"},"author":{"name":"Eveline Lemke","@id":"https:\/\/thinking-circular.com\/de\/#\/schema\/person\/6f3f86f128eab0494949cbe2b5c0b404"},"headline":"Wie verhalten sich Menschen in der Zukunft nachhaltig?","datePublished":"2021-06-01T12:05:35+00:00","dateModified":"2022-01-10T10:23:39+00:00","mainEntityOfPage":{"@id":"https:\/\/thinking-circular.com\/de\/wie-verhalten-sich-menschen-in-der-zukunft-nachhaltig\/"},"wordCount":1536,"publisher":{"@id":"https:\/\/thinking-circular.com\/de\/#organization"},"image":{"@id":"https:\/\/thinking-circular.com\/de\/wie-verhalten-sich-menschen-in-der-zukunft-nachhaltig\/#primaryimage"},"thumbnailUrl":"https:\/\/thinking-circular.com\/wp-content\/uploads\/2021\/06\/Future-Leader.jpg","keywords":["#Homo Circularis","Klimawandel","Nachhaltigkeit","Sustainability"],"articleSection":["News"],"inLanguage":"de"},{"@type":"WebPage","@id":"https:\/\/thinking-circular.com\/de\/wie-verhalten-sich-menschen-in-der-zukunft-nachhaltig\/","url":"https:\/\/thinking-circular.com\/de\/wie-verhalten-sich-menschen-in-der-zukunft-nachhaltig\/","name":"Wie verhalten sich Menschen in der Zukunft nachhaltig? &#8211;","isPartOf":{"@id":"https:\/\/thinking-circular.com\/de\/#website"},"primaryImageOfPage":{"@id":"https:\/\/thinking-circular.com\/de\/wie-verhalten-sich-menschen-in-der-zukunft-nachhaltig\/#primaryimage"},"image":{"@id":"https:\/\/thinking-circular.com\/de\/wie-verhalten-sich-menschen-in-der-zukunft-nachhaltig\/#primaryimage"},"thumbnailUrl":"https:\/\/thinking-circular.com\/wp-content\/uploads\/2021\/06\/Future-Leader.jpg","datePublished":"2021-06-01T12:05:35+00:00","dateModified":"2022-01-10T10:23:39+00:00","description":"Nachhaltiges Verhalten in der Zukunft und die Auswirkungen auf den Klimawandel lassen ein neues Menschenbild entstehen.","breadcrumb":{"@id":"https:\/\/thinking-circular.com\/de\/wie-verhalten-sich-menschen-in-der-zukunft-nachhaltig\/#breadcrumb"},"inLanguage":"de","potentialAction":[{"@type":"ReadAction","target":["https:\/\/thinking-circular.com\/de\/wie-verhalten-sich-menschen-in-der-zukunft-nachhaltig\/"]}]},{"@type":"ImageObject","inLanguage":"de","@id":"https:\/\/thinking-circular.com\/de\/wie-verhalten-sich-menschen-in-der-zukunft-nachhaltig\/#primaryimage","url":"https:\/\/thinking-circular.com\/wp-content\/uploads\/2021\/06\/Future-Leader.jpg","contentUrl":"https:\/\/thinking-circular.com\/wp-content\/uploads\/2021\/06\/Future-Leader.jpg","width":1915,"height":1885},{"@type":"BreadcrumbList","@id":"https:\/\/thinking-circular.com\/de\/wie-verhalten-sich-menschen-in-der-zukunft-nachhaltig\/#breadcrumb","itemListElement":[{"@type":"ListItem","position":1,"name":"Startseite","item":"https:\/\/thinking-circular.com\/de\/"},{"@type":"ListItem","position":2,"name":"Wie verhalten sich Menschen in der Zukunft nachhaltig?"}]},{"@type":"WebSite","@id":"https:\/\/thinking-circular.com\/de\/#website","url":"https:\/\/thinking-circular.com\/de\/","name":"Thinking Circular","description":"Das Multiversum der Kreislaufwirtschaft.","publisher":{"@id":"https:\/\/thinking-circular.com\/de\/#organization"},"potentialAction":[{"@type":"SearchAction","target":{"@type":"EntryPoint","urlTemplate":"https:\/\/thinking-circular.com\/de\/?s={search_term_string}"},"query-input":{"@type":"PropertyValueSpecification","valueRequired":true,"valueName":"search_term_string"}}],"inLanguage":"de"},{"@type":"Organization","@id":"https:\/\/thinking-circular.com\/de\/#organization","name":"Thinking Circular","url":"https:\/\/thinking-circular.com\/de\/","logo":{"@type":"ImageObject","inLanguage":"de","@id":"https:\/\/thinking-circular.com\/de\/#\/schema\/logo\/image\/","url":"https:\/\/thinking-circular.com\/wp-content\/uploads\/2018\/03\/logo_experts_solo.png","contentUrl":"https:\/\/thinking-circular.com\/wp-content\/uploads\/2018\/03\/logo_experts_solo.png","width":535,"height":535,"caption":"Thinking Circular"},"image":{"@id":"https:\/\/thinking-circular.com\/de\/#\/schema\/logo\/image\/"}},{"@type":"Person","@id":"https:\/\/thinking-circular.com\/de\/#\/schema\/person\/6f3f86f128eab0494949cbe2b5c0b404","name":"Eveline Lemke","url":"https:\/\/thinking-circular.com\/de\/author\/lemke_tc\/"}]}},"_links":{"self":[{"href":"https:\/\/thinking-circular.com\/de\/wp-json\/wp\/v2\/posts\/4131","targetHints":{"allow":["GET"]}}],"collection":[{"href":"https:\/\/thinking-circular.com\/de\/wp-json\/wp\/v2\/posts"}],"about":[{"href":"https:\/\/thinking-circular.com\/de\/wp-json\/wp\/v2\/types\/post"}],"author":[{"embeddable":true,"href":"https:\/\/thinking-circular.com\/de\/wp-json\/wp\/v2\/users\/11"}],"replies":[{"embeddable":true,"href":"https:\/\/thinking-circular.com\/de\/wp-json\/wp\/v2\/comments?post=4131"}],"version-history":[{"count":6,"href":"https:\/\/thinking-circular.com\/de\/wp-json\/wp\/v2\/posts\/4131\/revisions"}],"predecessor-version":[{"id":4717,"href":"https:\/\/thinking-circular.com\/de\/wp-json\/wp\/v2\/posts\/4131\/revisions\/4717"}],"wp:featuredmedia":[{"embeddable":true,"href":"https:\/\/thinking-circular.com\/de\/wp-json\/wp\/v2\/media\/4132"}],"wp:attachment":[{"href":"https:\/\/thinking-circular.com\/de\/wp-json\/wp\/v2\/media?parent=4131"}],"wp:term":[{"taxonomy":"category","embeddable":true,"href":"https:\/\/thinking-circular.com\/de\/wp-json\/wp\/v2\/categories?post=4131"},{"taxonomy":"post_tag","embeddable":true,"href":"https:\/\/thinking-circular.com\/de\/wp-json\/wp\/v2\/tags?post=4131"}],"curies":[{"name":"wp","href":"https:\/\/api.w.org\/{rel}","templated":true}]}}