{"id":5588,"date":"2022-10-20T15:38:51","date_gmt":"2022-10-20T13:38:51","guid":{"rendered":"https:\/\/thinking-circular.com\/?p=5588"},"modified":"2022-10-20T15:38:51","modified_gmt":"2022-10-20T13:38:51","slug":"initiative-aktiv-fuer-eine-nachhaltige-oeffentliche-beschaffung","status":"publish","type":"post","link":"https:\/\/thinking-circular.com\/de\/initiative-aktiv-fuer-eine-nachhaltige-oeffentliche-beschaffung\/","title":{"rendered":"Initiative &#8222;Aktiv f\u00fcr eine nachhaltige \u00f6ffentliche Beschaffung&#8220;"},"content":{"rendered":"<p style=\"font-weight: 400;\">Wenn wir das 1,5 Grad Klimaziel erreichen und die SDGs in Deutschland bis 2030 verwirklichen wollen, m\u00fcssen Steuergelder zielgerichtet eingesetzt werden. Deshalb bin Erstunterzeichnerin der Initiative \u201eAktiv f\u00fcr eine nachhaltige \u00f6ffentliche Beschaffung\u201c. Die Praxis zeigt, dass weniger als f\u00fcnf Prozent aller Beschaffungsvertr\u00e4ge unter Einbeziehung \u00f6kologisch nachhaltiger Kriterien vergeben werden. Dieser Umgang mit Steuergeldern muss sich \u00e4ndern. Wir setzen uns daf\u00fcr ein, dass der \u00f6kologisch und sozial verantwortungsvolle \u00f6ffentliche Einkauf zur Norm wird. Das Thema findet bisher kaum Platz in den Medien. Wir wollen dem gemeinsamen Anliegen einer \u201eEnkel-sicheren\u201c Zukunft ein Gesicht geben und dieses Engagement in alle Bereiche hinein kommunizieren.<\/p>\n<p style=\"font-weight: 400;\"><a href=\"https:\/\/t1p.de\/yfdmw\" target=\"_blank\" rel=\"noopener noreferrer nofollow\">Unterst\u00fctze die Initiative hier.<\/a><\/p>\n","protected":false},"excerpt":{"rendered":"<p>Wenn wir das 1,5 Grad Klimaziel erreichen und die SDGs in Deutschland bis 2030 verwirklichen wollen, m\u00fcssen Steuergelder zielgerichtet eingesetzt werden. Deshalb bin Erstunterzeichnerin der Initiative \u201eAktiv f\u00fcr eine nachhaltige \u00f6ffentliche Beschaffung\u201c. Die Praxis zeigt, dass weniger als f\u00fcnf Prozent aller Beschaffungsvertr\u00e4ge unter Einbeziehung \u00f6kologisch nachhaltiger Kriterien vergeben werden. Dieser Umgang mit Steuergeldern muss sich \u00e4ndern. Wir setzen uns daf\u00fcr ein, dass der \u00f6kologisch und sozial verantwortungsvolle \u00f6ffentliche Einkauf zur Norm wird. Das Thema findet bisher kaum Platz in den Medien. Wir wollen dem gemeinsamen Anliegen einer \u201eEnkel-sicheren\u201c&#8230;<\/p>\n","protected":false},"author":11,"featured_media":5589,"comment_status":"closed","ping_status":"closed","sticky":false,"template":"","format":"standard","meta":{"footnotes":""},"categories":[1],"tags":[],"class_list":["post-5588","post","type-post","status-publish","format-standard","has-post-thumbnail","hentry","category-unkategorisiert"],"yoast_head":"<!-- This site is optimized with the Yoast SEO plugin v27.4 - https:\/\/yoast.com\/product\/yoast-seo-wordpress\/ -->\n<title>Initiative &quot;Aktiv f\u00fcr eine nachhaltige \u00f6ffentliche Beschaffung&quot; &#8211; Thinking Circular<\/title>\n<meta name=\"robots\" content=\"index, follow, max-snippet:-1, max-image-preview:large, max-video-preview:-1\" \/>\n<link rel=\"canonical\" href=\"https:\/\/thinking-circular.com\/de\/initiative-aktiv-fuer-eine-nachhaltige-oeffentliche-beschaffung\/\" \/>\n<meta property=\"og:locale\" content=\"de_DE\" \/>\n<meta property=\"og:type\" content=\"article\" \/>\n<meta property=\"og:title\" content=\"Initiative &quot;Aktiv f\u00fcr eine nachhaltige \u00f6ffentliche Beschaffung&quot;\" \/>\n<meta property=\"og:description\" content=\"Wenn wir das 1,5 Grad Klimaziel erreichen und die SDGs in Deutschland bis 2030 verwirklichen wollen, m\u00fcssen Steuergelder zielgerichtet eingesetzt werden. Deshalb bin Erstunterzeichnerin der Initiative \u201eAktiv f\u00fcr eine nachhaltige \u00f6ffentliche Beschaffung\u201c.\" \/>\n<meta property=\"og:url\" content=\"https:\/\/thinking-circular.com\/de\/initiative-aktiv-fuer-eine-nachhaltige-oeffentliche-beschaffung\/\" \/>\n<meta property=\"og:site_name\" content=\"Thinking Circular\" \/>\n<meta property=\"article:published_time\" content=\"2022-10-20T13:38:51+00:00\" \/>\n<meta property=\"og:image\" content=\"https:\/\/thinking-circular.com\/wp-content\/uploads\/2022\/10\/Aktiv-nachhaltige-Beschaffung.png\" \/>\n\t<meta property=\"og:image:width\" content=\"826\" \/>\n\t<meta property=\"og:image:height\" content=\"946\" \/>\n\t<meta property=\"og:image:type\" content=\"image\/png\" \/>\n<meta name=\"author\" content=\"Eveline Lemke\" \/>\n<meta name=\"twitter:card\" content=\"summary_large_image\" \/>\n<meta name=\"twitter:title\" content=\"Initiative &quot;Aktiv f\u00fcr eine nachhaltige \u00f6ffentliche Beschaffung&quot;\" \/>\n<meta name=\"twitter:description\" content=\"Wenn wir das 1,5 Grad Klimaziel erreichen und die SDGs in Deutschland bis 2030 verwirklichen wollen, m\u00fcssen Steuergelder zielgerichtet eingesetzt werden. Deshalb bin Erstunterzeichnerin der Initiative \u201eAktiv f\u00fcr eine nachhaltige \u00f6ffentliche Beschaffung\u201c.\" \/>\n<meta name=\"twitter:image\" content=\"https:\/\/thinking-circular.com\/wp-content\/uploads\/2022\/10\/Aktiv-nachhaltige-Beschaffung.png\" \/>\n<meta name=\"twitter:label1\" content=\"Verfasst von\" \/>\n\t<meta name=\"twitter:data1\" content=\"Eveline Lemke\" \/>\n\t<meta name=\"twitter:label2\" content=\"Gesch\u00e4tzte Lesezeit\" \/>\n\t<meta name=\"twitter:data2\" content=\"1\u00a0Minute\" \/>\n<script type=\"application\/ld+json\" class=\"yoast-schema-graph\">{\"@context\":\"https:\\\/\\\/schema.org\",\"@graph\":[{\"@type\":\"Article\",\"@id\":\"https:\\\/\\\/thinking-circular.com\\\/de\\\/initiative-aktiv-fuer-eine-nachhaltige-oeffentliche-beschaffung\\\/#article\",\"isPartOf\":{\"@id\":\"https:\\\/\\\/thinking-circular.com\\\/de\\\/initiative-aktiv-fuer-eine-nachhaltige-oeffentliche-beschaffung\\\/\"},\"author\":{\"name\":\"Eveline Lemke\",\"@id\":\"https:\\\/\\\/thinking-circular.com\\\/de\\\/#\\\/schema\\\/person\\\/6f3f86f128eab0494949cbe2b5c0b404\"},\"headline\":\"Initiative &#8222;Aktiv f\u00fcr eine nachhaltige \u00f6ffentliche Beschaffung&#8220;\",\"datePublished\":\"2022-10-20T13:38:51+00:00\",\"mainEntityOfPage\":{\"@id\":\"https:\\\/\\\/thinking-circular.com\\\/de\\\/initiative-aktiv-fuer-eine-nachhaltige-oeffentliche-beschaffung\\\/\"},\"wordCount\":116,\"publisher\":{\"@id\":\"https:\\\/\\\/thinking-circular.com\\\/de\\\/#organization\"},\"image\":{\"@id\":\"https:\\\/\\\/thinking-circular.com\\\/de\\\/initiative-aktiv-fuer-eine-nachhaltige-oeffentliche-beschaffung\\\/#primaryimage\"},\"thumbnailUrl\":\"https:\\\/\\\/thinking-circular.com\\\/wp-content\\\/uploads\\\/2022\\\/10\\\/Aktiv-nachhaltige-Beschaffung.png\",\"articleSection\":[\"Unkategorisiert\"],\"inLanguage\":\"de\"},{\"@type\":\"WebPage\",\"@id\":\"https:\\\/\\\/thinking-circular.com\\\/de\\\/initiative-aktiv-fuer-eine-nachhaltige-oeffentliche-beschaffung\\\/\",\"url\":\"https:\\\/\\\/thinking-circular.com\\\/de\\\/initiative-aktiv-fuer-eine-nachhaltige-oeffentliche-beschaffung\\\/\",\"name\":\"Initiative \\\"Aktiv f\u00fcr eine nachhaltige \u00f6ffentliche Beschaffung\\\" &#8211; Thinking Circular\",\"isPartOf\":{\"@id\":\"https:\\\/\\\/thinking-circular.com\\\/de\\\/#website\"},\"primaryImageOfPage\":{\"@id\":\"https:\\\/\\\/thinking-circular.com\\\/de\\\/initiative-aktiv-fuer-eine-nachhaltige-oeffentliche-beschaffung\\\/#primaryimage\"},\"image\":{\"@id\":\"https:\\\/\\\/thinking-circular.com\\\/de\\\/initiative-aktiv-fuer-eine-nachhaltige-oeffentliche-beschaffung\\\/#primaryimage\"},\"thumbnailUrl\":\"https:\\\/\\\/thinking-circular.com\\\/wp-content\\\/uploads\\\/2022\\\/10\\\/Aktiv-nachhaltige-Beschaffung.png\",\"datePublished\":\"2022-10-20T13:38:51+00:00\",\"breadcrumb\":{\"@id\":\"https:\\\/\\\/thinking-circular.com\\\/de\\\/initiative-aktiv-fuer-eine-nachhaltige-oeffentliche-beschaffung\\\/#breadcrumb\"},\"inLanguage\":\"de\",\"potentialAction\":[{\"@type\":\"ReadAction\",\"target\":[\"https:\\\/\\\/thinking-circular.com\\\/de\\\/initiative-aktiv-fuer-eine-nachhaltige-oeffentliche-beschaffung\\\/\"]}]},{\"@type\":\"ImageObject\",\"inLanguage\":\"de\",\"@id\":\"https:\\\/\\\/thinking-circular.com\\\/de\\\/initiative-aktiv-fuer-eine-nachhaltige-oeffentliche-beschaffung\\\/#primaryimage\",\"url\":\"https:\\\/\\\/thinking-circular.com\\\/wp-content\\\/uploads\\\/2022\\\/10\\\/Aktiv-nachhaltige-Beschaffung.png\",\"contentUrl\":\"https:\\\/\\\/thinking-circular.com\\\/wp-content\\\/uploads\\\/2022\\\/10\\\/Aktiv-nachhaltige-Beschaffung.png\",\"width\":826,\"height\":946},{\"@type\":\"BreadcrumbList\",\"@id\":\"https:\\\/\\\/thinking-circular.com\\\/de\\\/initiative-aktiv-fuer-eine-nachhaltige-oeffentliche-beschaffung\\\/#breadcrumb\",\"itemListElement\":[{\"@type\":\"ListItem\",\"position\":1,\"name\":\"Startseite\",\"item\":\"https:\\\/\\\/thinking-circular.com\\\/de\\\/\"},{\"@type\":\"ListItem\",\"position\":2,\"name\":\"Initiative &#8222;Aktiv f\u00fcr eine nachhaltige \u00f6ffentliche Beschaffung&#8220;\"}]},{\"@type\":\"WebSite\",\"@id\":\"https:\\\/\\\/thinking-circular.com\\\/de\\\/#website\",\"url\":\"https:\\\/\\\/thinking-circular.com\\\/de\\\/\",\"name\":\"Thinking Circular\",\"description\":\"Das Multiversum der Kreislaufwirtschaft.\",\"publisher\":{\"@id\":\"https:\\\/\\\/thinking-circular.com\\\/de\\\/#organization\"},\"potentialAction\":[{\"@type\":\"SearchAction\",\"target\":{\"@type\":\"EntryPoint\",\"urlTemplate\":\"https:\\\/\\\/thinking-circular.com\\\/de\\\/?s={search_term_string}\"},\"query-input\":{\"@type\":\"PropertyValueSpecification\",\"valueRequired\":true,\"valueName\":\"search_term_string\"}}],\"inLanguage\":\"de\"},{\"@type\":\"Organization\",\"@id\":\"https:\\\/\\\/thinking-circular.com\\\/de\\\/#organization\",\"name\":\"Thinking Circular\",\"url\":\"https:\\\/\\\/thinking-circular.com\\\/de\\\/\",\"logo\":{\"@type\":\"ImageObject\",\"inLanguage\":\"de\",\"@id\":\"https:\\\/\\\/thinking-circular.com\\\/de\\\/#\\\/schema\\\/logo\\\/image\\\/\",\"url\":\"https:\\\/\\\/thinking-circular.com\\\/wp-content\\\/uploads\\\/2018\\\/03\\\/logo_experts_solo.png\",\"contentUrl\":\"https:\\\/\\\/thinking-circular.com\\\/wp-content\\\/uploads\\\/2018\\\/03\\\/logo_experts_solo.png\",\"width\":535,\"height\":535,\"caption\":\"Thinking Circular\"},\"image\":{\"@id\":\"https:\\\/\\\/thinking-circular.com\\\/de\\\/#\\\/schema\\\/logo\\\/image\\\/\"}},{\"@type\":\"Person\",\"@id\":\"https:\\\/\\\/thinking-circular.com\\\/de\\\/#\\\/schema\\\/person\\\/6f3f86f128eab0494949cbe2b5c0b404\",\"name\":\"Eveline Lemke\",\"url\":\"https:\\\/\\\/thinking-circular.com\\\/de\\\/author\\\/lemke_tc\\\/\"}]}<\/script>\n<!-- \/ Yoast SEO plugin. -->","yoast_head_json":{"title":"Initiative \"Aktiv f\u00fcr eine nachhaltige \u00f6ffentliche Beschaffung\" &#8211; Thinking Circular","robots":{"index":"index","follow":"follow","max-snippet":"max-snippet:-1","max-image-preview":"max-image-preview:large","max-video-preview":"max-video-preview:-1"},"canonical":"https:\/\/thinking-circular.com\/de\/initiative-aktiv-fuer-eine-nachhaltige-oeffentliche-beschaffung\/","og_locale":"de_DE","og_type":"article","og_title":"Initiative \"Aktiv f\u00fcr eine nachhaltige \u00f6ffentliche Beschaffung\"","og_description":"Wenn wir das 1,5 Grad Klimaziel erreichen und die SDGs in Deutschland bis 2030 verwirklichen wollen, m\u00fcssen Steuergelder zielgerichtet eingesetzt werden. Deshalb bin Erstunterzeichnerin der Initiative \u201eAktiv f\u00fcr eine nachhaltige \u00f6ffentliche Beschaffung\u201c.","og_url":"https:\/\/thinking-circular.com\/de\/initiative-aktiv-fuer-eine-nachhaltige-oeffentliche-beschaffung\/","og_site_name":"Thinking Circular","article_published_time":"2022-10-20T13:38:51+00:00","og_image":[{"width":826,"height":946,"url":"https:\/\/thinking-circular.com\/wp-content\/uploads\/2022\/10\/Aktiv-nachhaltige-Beschaffung.png","type":"image\/png"}],"author":"Eveline Lemke","twitter_card":"summary_large_image","twitter_title":"Initiative \"Aktiv f\u00fcr eine nachhaltige \u00f6ffentliche Beschaffung\"","twitter_description":"Wenn wir das 1,5 Grad Klimaziel erreichen und die SDGs in Deutschland bis 2030 verwirklichen wollen, m\u00fcssen Steuergelder zielgerichtet eingesetzt werden. Deshalb bin Erstunterzeichnerin der Initiative \u201eAktiv f\u00fcr eine nachhaltige \u00f6ffentliche Beschaffung\u201c.","twitter_image":"https:\/\/thinking-circular.com\/wp-content\/uploads\/2022\/10\/Aktiv-nachhaltige-Beschaffung.png","twitter_misc":{"Verfasst von":"Eveline Lemke","Gesch\u00e4tzte Lesezeit":"1\u00a0Minute"},"schema":{"@context":"https:\/\/schema.org","@graph":[{"@type":"Article","@id":"https:\/\/thinking-circular.com\/de\/initiative-aktiv-fuer-eine-nachhaltige-oeffentliche-beschaffung\/#article","isPartOf":{"@id":"https:\/\/thinking-circular.com\/de\/initiative-aktiv-fuer-eine-nachhaltige-oeffentliche-beschaffung\/"},"author":{"name":"Eveline Lemke","@id":"https:\/\/thinking-circular.com\/de\/#\/schema\/person\/6f3f86f128eab0494949cbe2b5c0b404"},"headline":"Initiative &#8222;Aktiv f\u00fcr eine nachhaltige \u00f6ffentliche Beschaffung&#8220;","datePublished":"2022-10-20T13:38:51+00:00","mainEntityOfPage":{"@id":"https:\/\/thinking-circular.com\/de\/initiative-aktiv-fuer-eine-nachhaltige-oeffentliche-beschaffung\/"},"wordCount":116,"publisher":{"@id":"https:\/\/thinking-circular.com\/de\/#organization"},"image":{"@id":"https:\/\/thinking-circular.com\/de\/initiative-aktiv-fuer-eine-nachhaltige-oeffentliche-beschaffung\/#primaryimage"},"thumbnailUrl":"https:\/\/thinking-circular.com\/wp-content\/uploads\/2022\/10\/Aktiv-nachhaltige-Beschaffung.png","articleSection":["Unkategorisiert"],"inLanguage":"de"},{"@type":"WebPage","@id":"https:\/\/thinking-circular.com\/de\/initiative-aktiv-fuer-eine-nachhaltige-oeffentliche-beschaffung\/","url":"https:\/\/thinking-circular.com\/de\/initiative-aktiv-fuer-eine-nachhaltige-oeffentliche-beschaffung\/","name":"Initiative \"Aktiv f\u00fcr eine nachhaltige \u00f6ffentliche Beschaffung\" &#8211; Thinking Circular","isPartOf":{"@id":"https:\/\/thinking-circular.com\/de\/#website"},"primaryImageOfPage":{"@id":"https:\/\/thinking-circular.com\/de\/initiative-aktiv-fuer-eine-nachhaltige-oeffentliche-beschaffung\/#primaryimage"},"image":{"@id":"https:\/\/thinking-circular.com\/de\/initiative-aktiv-fuer-eine-nachhaltige-oeffentliche-beschaffung\/#primaryimage"},"thumbnailUrl":"https:\/\/thinking-circular.com\/wp-content\/uploads\/2022\/10\/Aktiv-nachhaltige-Beschaffung.png","datePublished":"2022-10-20T13:38:51+00:00","breadcrumb":{"@id":"https:\/\/thinking-circular.com\/de\/initiative-aktiv-fuer-eine-nachhaltige-oeffentliche-beschaffung\/#breadcrumb"},"inLanguage":"de","potentialAction":[{"@type":"ReadAction","target":["https:\/\/thinking-circular.com\/de\/initiative-aktiv-fuer-eine-nachhaltige-oeffentliche-beschaffung\/"]}]},{"@type":"ImageObject","inLanguage":"de","@id":"https:\/\/thinking-circular.com\/de\/initiative-aktiv-fuer-eine-nachhaltige-oeffentliche-beschaffung\/#primaryimage","url":"https:\/\/thinking-circular.com\/wp-content\/uploads\/2022\/10\/Aktiv-nachhaltige-Beschaffung.png","contentUrl":"https:\/\/thinking-circular.com\/wp-content\/uploads\/2022\/10\/Aktiv-nachhaltige-Beschaffung.png","width":826,"height":946},{"@type":"BreadcrumbList","@id":"https:\/\/thinking-circular.com\/de\/initiative-aktiv-fuer-eine-nachhaltige-oeffentliche-beschaffung\/#breadcrumb","itemListElement":[{"@type":"ListItem","position":1,"name":"Startseite","item":"https:\/\/thinking-circular.com\/de\/"},{"@type":"ListItem","position":2,"name":"Initiative &#8222;Aktiv f\u00fcr eine nachhaltige \u00f6ffentliche Beschaffung&#8220;"}]},{"@type":"WebSite","@id":"https:\/\/thinking-circular.com\/de\/#website","url":"https:\/\/thinking-circular.com\/de\/","name":"Thinking Circular","description":"Das Multiversum der Kreislaufwirtschaft.","publisher":{"@id":"https:\/\/thinking-circular.com\/de\/#organization"},"potentialAction":[{"@type":"SearchAction","target":{"@type":"EntryPoint","urlTemplate":"https:\/\/thinking-circular.com\/de\/?s={search_term_string}"},"query-input":{"@type":"PropertyValueSpecification","valueRequired":true,"valueName":"search_term_string"}}],"inLanguage":"de"},{"@type":"Organization","@id":"https:\/\/thinking-circular.com\/de\/#organization","name":"Thinking Circular","url":"https:\/\/thinking-circular.com\/de\/","logo":{"@type":"ImageObject","inLanguage":"de","@id":"https:\/\/thinking-circular.com\/de\/#\/schema\/logo\/image\/","url":"https:\/\/thinking-circular.com\/wp-content\/uploads\/2018\/03\/logo_experts_solo.png","contentUrl":"https:\/\/thinking-circular.com\/wp-content\/uploads\/2018\/03\/logo_experts_solo.png","width":535,"height":535,"caption":"Thinking Circular"},"image":{"@id":"https:\/\/thinking-circular.com\/de\/#\/schema\/logo\/image\/"}},{"@type":"Person","@id":"https:\/\/thinking-circular.com\/de\/#\/schema\/person\/6f3f86f128eab0494949cbe2b5c0b404","name":"Eveline Lemke","url":"https:\/\/thinking-circular.com\/de\/author\/lemke_tc\/"}]}},"_links":{"self":[{"href":"https:\/\/thinking-circular.com\/de\/wp-json\/wp\/v2\/posts\/5588","targetHints":{"allow":["GET"]}}],"collection":[{"href":"https:\/\/thinking-circular.com\/de\/wp-json\/wp\/v2\/posts"}],"about":[{"href":"https:\/\/thinking-circular.com\/de\/wp-json\/wp\/v2\/types\/post"}],"author":[{"embeddable":true,"href":"https:\/\/thinking-circular.com\/de\/wp-json\/wp\/v2\/users\/11"}],"replies":[{"embeddable":true,"href":"https:\/\/thinking-circular.com\/de\/wp-json\/wp\/v2\/comments?post=5588"}],"version-history":[{"count":1,"href":"https:\/\/thinking-circular.com\/de\/wp-json\/wp\/v2\/posts\/5588\/revisions"}],"predecessor-version":[{"id":5591,"href":"https:\/\/thinking-circular.com\/de\/wp-json\/wp\/v2\/posts\/5588\/revisions\/5591"}],"wp:featuredmedia":[{"embeddable":true,"href":"https:\/\/thinking-circular.com\/de\/wp-json\/wp\/v2\/media\/5589"}],"wp:attachment":[{"href":"https:\/\/thinking-circular.com\/de\/wp-json\/wp\/v2\/media?parent=5588"}],"wp:term":[{"taxonomy":"category","embeddable":true,"href":"https:\/\/thinking-circular.com\/de\/wp-json\/wp\/v2\/categories?post=5588"},{"taxonomy":"post_tag","embeddable":true,"href":"https:\/\/thinking-circular.com\/de\/wp-json\/wp\/v2\/tags?post=5588"}],"curies":[{"name":"wp","href":"https:\/\/api.w.org\/{rel}","templated":true}]}}