{"id":5603,"date":"2022-10-25T16:22:17","date_gmt":"2022-10-25T14:22:17","guid":{"rendered":"https:\/\/thinking-circular.com\/?p=5603"},"modified":"2022-10-25T16:22:17","modified_gmt":"2022-10-25T14:22:17","slug":"neues-vergleichstool-zu-nachhaltigkeitsstandards-geht-online","status":"publish","type":"post","link":"https:\/\/thinking-circular.com\/de\/neues-vergleichstool-zu-nachhaltigkeitsstandards-geht-online\/","title":{"rendered":"Neues Vergleichstool zu Nachhaltigkeitsstandards geht online"},"content":{"rendered":"<p style=\"font-weight: 400;\"><strong>Ein neuer Standards-Kompass bietet Orientierung zu nachhaltigen Siegeln, Branchenstandards und Multi-Stakeholder-Initiativen. So k\u00f6nnen auch kleine Unternehmen leichter erkennen, welche Standards zu ihrem Nachhaltigkeitsmanagement passen.<\/strong><\/p>\n<p style=\"font-weight: 400;\">Es wurden eine gro\u00dfe und vielf\u00e4ltige Anzahl von Standards mit unterschiedlichen Ans\u00e4tzen im Bereich der Nachhaltigkeit entwickelt. Gerade kleine und mittlere Unternehmen (KMU) verf\u00fcgen oftmals nicht \u00fcber Zeit und Ressourcen, sich selbst einen \u00dcberblick zu verschaffen und qualifizierte Entscheidungen zu treffen, welche Standards sie bei ihren Prozessen unterst\u00fctzen k\u00f6nnen. Das Vergleichstool <a href=\"https:\/\/kompass.wirtschaft-entwicklung.de\/standards-kompass\/was-standards-leisten-koennen\" target=\"_blank\" rel=\"noopener noreferrer nofollow\"><strong>Standards-Kompass<\/strong><\/a> soll nun Klarheit und Orientierung im \u201eSiegel-Dschungel\u201c schaffen.<\/p>\n<p>Im Auftrag des Bundesministeriums f\u00fcr wirtschaftliche Zusammenarbeit und Entwicklung (BMZ) haben Helpdesk Wirtschaft &amp; Menschenrechte und die Gesellschaft f\u00fcr Internationale Zusammenarbeit (GIZ) den Standards-Kompass entwickelt. Am 25. Oktober 2022 wurde der Kompass der \u00d6ffentlichkeit vorgestellt. Das Vergleichstool erg\u00e4nzt den KMU Kompass um eine zweite Komponente neben dem<strong> <a href=\"https:\/\/kompass.wirtschaft-entwicklung.de\/\" target=\"_blank\" rel=\"noopener noreferrer nofollow\">Sorgfalts-Kompass<\/a><\/strong>, der insbesondere kleinen und mittlere Unternehmen dabei hilft, Sorgfaltsprozesse Schritt f\u00fcr Schritt zu implementieren.<\/p>\n<p><strong>Was k\u00f6nnen Standards leisten?<\/strong><\/p>\n<p>Standards spielen bei der nachhaltigen Transformation unserer Wirtschaft eine wichtige Rolle. Bei ihrer praktischen Anwendung gibt es jedoch H\u00fcrden, was bislang h\u00e4ufig dazu f\u00fchrte, dass Nachhaltigkeitspotenziale ungenutzt bleiben. Der Standards-Kompass erleichtert nun die Orientierung und informiert Unternehmen verl\u00e4sslich dar\u00fcber, was bei der Auswahl von Standards zu beachten ist, was Standards leisten, aber auch wo ihre Limitationen liegen und welche Anforderungen das Unternehmen selbst umsetzen muss.<\/p>\n<p>\u201eDas BMZ setzt sich f\u00fcr ambitionierte Regelungen unternehmerischer Sorgfaltspflichten ein \u2013 aber wir unterst\u00fctzen Unternehmen auch dabei, diese Vorgaben zu erf\u00fcllen\u201c, sagt Anosha Wahidi, Referatsleiterin f\u00fcr nachhaltige Lieferketten im Bundesministerium f\u00fcr wirtschaftliche Zusammenarbeit und Entwicklung in einer Pressemitteilung. \u201eMit dem Standards-Kompass haben wir ein weiteres, leicht zug\u00e4ngliches Instrument entwickelt, das Unternehmen hilft, ihren Beitrag zur nachhaltigen Transition globaler Lieferketten zu leisten. Es ist aber wichtig zu betonen, dass Standards und Zertifikate kein Freibrief sind. Sie helfen, die individuellen Sorgfaltspflicht zu erf\u00fcllen, ersetzen sie aber nicht.\u201c<\/p>\n<p>\u201eDer Standards-Kompass bietet Unternehmen einen doppelten Nutzen. Er dient als eine zentrale Wissensdatenbank zu Nachhaltigkeitsstandards und zugleich als eine anwendungsorientierte Umsetzungshilfe, die Standards direkt im weiteren betrieblichen Nachhaltigkeitsprozess einordnet\u201c, erkl\u00e4rt Katharina Hermann, Leiterin des Helpdesks Wirtschaft und Menschenrechte. \u201eUnternehmen k\u00f6nnen nun informierte Entscheidungen \u00fcber die Chancen und Grenzen von Standards im Sorgfaltsprozess treffen und die f\u00fcr Ihren Bedarf passenden Standards ausw\u00e4hlen \u2013 glaubw\u00fcrdig, ambitioniert und sorgfaltspflichtenbasiert.\u201c<\/p>\n<h4 style=\"font-weight: 400;\"><strong>Wie funktioniert der Standards-Kompass?<\/strong><\/h4>\n<p style=\"font-weight: 400;\">Eine einfache Filterfunktion erm\u00f6glicht die zielgerichtete Suche nach den passenden Standards, aufgef\u00e4chert u.a. nach Branche und Stufe der Wertsch\u00f6pfungskette. Anhand eines Kriterienkataloges werden die Standards auf freiwilliger Basis transparent und objektiv bewertet. F\u00fcr die Erarbeitung der Bewertungsmethodik wurden f\u00fchrende Expert:innen auf dem Gebiet der menschenrechtlichen Sorgfaltspflichten an verschiedenen Stellen konsultiert. Zum Launch werden zun\u00e4chst etwa 20 freigeschaltet. Die Liste soll schrittweise erg\u00e4nzt werden, bis alle g\u00e4ngigen Standards enthalten sind. Checklisten bieten zudem einen \u00dcberblick, welche konkreten Schritte auf dem Weg zur Mitgliedschaft bei Standards oder bei Zertifizierungen erforderlich sind.<br \/>\nDie Bewertungsmethodik des Standards-Kompass basiert dabei auf den Leitprinzipien f\u00fcr Wirtschaft und Menschenrechte der Vereinten Nationen \u2013 dem wichtigsten globalen Rahmenwerk f\u00fcr menschenrechtliche Sorgfaltspflichten.<\/p>\n","protected":false},"excerpt":{"rendered":"<p>Ein neuer Standards-Kompass bietet Orientierung zu nachhaltigen Siegeln, Branchenstandards und Multi-Stakeholder-Initiativen. So k\u00f6nnen auch kleine Unternehmen leichter erkennen, welche Standards zu ihrem Nachhaltigkeitsmanagement passen. Es wurden eine gro\u00dfe und vielf\u00e4ltige Anzahl von Standards mit unterschiedlichen Ans\u00e4tzen im Bereich der Nachhaltigkeit entwickelt. Gerade kleine und mittlere Unternehmen (KMU) verf\u00fcgen oftmals nicht \u00fcber Zeit und Ressourcen, sich selbst einen \u00dcberblick zu verschaffen und qualifizierte Entscheidungen zu treffen, welche Standards sie bei ihren Prozessen unterst\u00fctzen k\u00f6nnen. Das Vergleichstool Standards-Kompass soll nun Klarheit und Orientierung im \u201eSiegel-Dschungel\u201c schaffen. Im Auftrag des Bundesministeriums&#8230;<\/p>\n","protected":false},"author":11,"featured_media":5604,"comment_status":"closed","ping_status":"closed","sticky":false,"template":"","format":"standard","meta":{"footnotes":""},"categories":[1],"tags":[],"class_list":["post-5603","post","type-post","status-publish","format-standard","has-post-thumbnail","hentry","category-unkategorisiert"],"yoast_head":"<!-- This site is optimized with the Yoast SEO plugin v27.4 - https:\/\/yoast.com\/product\/yoast-seo-wordpress\/ -->\n<title>Neues Vergleichstool zu Nachhaltigkeitsstandards geht online &#8211; Thinking Circular<\/title>\n<meta name=\"robots\" content=\"index, follow, max-snippet:-1, max-image-preview:large, max-video-preview:-1\" \/>\n<link rel=\"canonical\" href=\"https:\/\/thinking-circular.com\/de\/neues-vergleichstool-zu-nachhaltigkeitsstandards-geht-online\/\" \/>\n<meta property=\"og:locale\" content=\"de_DE\" \/>\n<meta property=\"og:type\" content=\"article\" \/>\n<meta property=\"og:title\" content=\"Neues Vergleichstool zu Nachhaltigkeitsstandards geht online &#8211; Thinking Circular\" \/>\n<meta property=\"og:description\" content=\"Ein neuer Standards-Kompass bietet Orientierung zu nachhaltigen Siegeln, Branchenstandards und Multi-Stakeholder-Initiativen. So k\u00f6nnen auch kleine Unternehmen leichter erkennen, welche Standards zu ihrem Nachhaltigkeitsmanagement passen. Es wurden eine gro\u00dfe und vielf\u00e4ltige Anzahl von Standards mit unterschiedlichen Ans\u00e4tzen im Bereich der Nachhaltigkeit entwickelt. Gerade kleine und mittlere Unternehmen (KMU) verf\u00fcgen oftmals nicht \u00fcber Zeit und Ressourcen, sich selbst einen \u00dcberblick zu verschaffen und qualifizierte Entscheidungen zu treffen, welche Standards sie bei ihren Prozessen unterst\u00fctzen k\u00f6nnen. Das Vergleichstool Standards-Kompass soll nun Klarheit und Orientierung im \u201eSiegel-Dschungel\u201c schaffen. Im Auftrag des Bundesministeriums...\" \/>\n<meta property=\"og:url\" content=\"https:\/\/thinking-circular.com\/de\/neues-vergleichstool-zu-nachhaltigkeitsstandards-geht-online\/\" \/>\n<meta property=\"og:site_name\" content=\"Thinking Circular\" \/>\n<meta property=\"article:published_time\" content=\"2022-10-25T14:22:17+00:00\" \/>\n<meta property=\"og:image\" content=\"https:\/\/thinking-circular.com\/wp-content\/uploads\/2022\/10\/10.2022-Standards-Kompass.png\" \/>\n\t<meta property=\"og:image:width\" content=\"983\" \/>\n\t<meta property=\"og:image:height\" content=\"731\" \/>\n\t<meta property=\"og:image:type\" content=\"image\/png\" \/>\n<meta name=\"author\" content=\"Eveline Lemke\" \/>\n<meta name=\"twitter:card\" content=\"summary_large_image\" \/>\n<meta name=\"twitter:label1\" content=\"Verfasst von\" \/>\n\t<meta name=\"twitter:data1\" content=\"Eveline Lemke\" \/>\n\t<meta name=\"twitter:label2\" content=\"Gesch\u00e4tzte Lesezeit\" \/>\n\t<meta name=\"twitter:data2\" content=\"3\u00a0Minuten\" \/>\n<script type=\"application\/ld+json\" class=\"yoast-schema-graph\">{\"@context\":\"https:\\\/\\\/schema.org\",\"@graph\":[{\"@type\":\"Article\",\"@id\":\"https:\\\/\\\/thinking-circular.com\\\/de\\\/neues-vergleichstool-zu-nachhaltigkeitsstandards-geht-online\\\/#article\",\"isPartOf\":{\"@id\":\"https:\\\/\\\/thinking-circular.com\\\/de\\\/neues-vergleichstool-zu-nachhaltigkeitsstandards-geht-online\\\/\"},\"author\":{\"name\":\"Eveline Lemke\",\"@id\":\"https:\\\/\\\/thinking-circular.com\\\/de\\\/#\\\/schema\\\/person\\\/6f3f86f128eab0494949cbe2b5c0b404\"},\"headline\":\"Neues Vergleichstool zu Nachhaltigkeitsstandards geht online\",\"datePublished\":\"2022-10-25T14:22:17+00:00\",\"mainEntityOfPage\":{\"@id\":\"https:\\\/\\\/thinking-circular.com\\\/de\\\/neues-vergleichstool-zu-nachhaltigkeitsstandards-geht-online\\\/\"},\"wordCount\":524,\"publisher\":{\"@id\":\"https:\\\/\\\/thinking-circular.com\\\/de\\\/#organization\"},\"image\":{\"@id\":\"https:\\\/\\\/thinking-circular.com\\\/de\\\/neues-vergleichstool-zu-nachhaltigkeitsstandards-geht-online\\\/#primaryimage\"},\"thumbnailUrl\":\"https:\\\/\\\/thinking-circular.com\\\/wp-content\\\/uploads\\\/2022\\\/10\\\/10.2022-Standards-Kompass.png\",\"articleSection\":[\"Unkategorisiert\"],\"inLanguage\":\"de\"},{\"@type\":\"WebPage\",\"@id\":\"https:\\\/\\\/thinking-circular.com\\\/de\\\/neues-vergleichstool-zu-nachhaltigkeitsstandards-geht-online\\\/\",\"url\":\"https:\\\/\\\/thinking-circular.com\\\/de\\\/neues-vergleichstool-zu-nachhaltigkeitsstandards-geht-online\\\/\",\"name\":\"Neues Vergleichstool zu Nachhaltigkeitsstandards geht online &#8211; Thinking Circular\",\"isPartOf\":{\"@id\":\"https:\\\/\\\/thinking-circular.com\\\/de\\\/#website\"},\"primaryImageOfPage\":{\"@id\":\"https:\\\/\\\/thinking-circular.com\\\/de\\\/neues-vergleichstool-zu-nachhaltigkeitsstandards-geht-online\\\/#primaryimage\"},\"image\":{\"@id\":\"https:\\\/\\\/thinking-circular.com\\\/de\\\/neues-vergleichstool-zu-nachhaltigkeitsstandards-geht-online\\\/#primaryimage\"},\"thumbnailUrl\":\"https:\\\/\\\/thinking-circular.com\\\/wp-content\\\/uploads\\\/2022\\\/10\\\/10.2022-Standards-Kompass.png\",\"datePublished\":\"2022-10-25T14:22:17+00:00\",\"breadcrumb\":{\"@id\":\"https:\\\/\\\/thinking-circular.com\\\/de\\\/neues-vergleichstool-zu-nachhaltigkeitsstandards-geht-online\\\/#breadcrumb\"},\"inLanguage\":\"de\",\"potentialAction\":[{\"@type\":\"ReadAction\",\"target\":[\"https:\\\/\\\/thinking-circular.com\\\/de\\\/neues-vergleichstool-zu-nachhaltigkeitsstandards-geht-online\\\/\"]}]},{\"@type\":\"ImageObject\",\"inLanguage\":\"de\",\"@id\":\"https:\\\/\\\/thinking-circular.com\\\/de\\\/neues-vergleichstool-zu-nachhaltigkeitsstandards-geht-online\\\/#primaryimage\",\"url\":\"https:\\\/\\\/thinking-circular.com\\\/wp-content\\\/uploads\\\/2022\\\/10\\\/10.2022-Standards-Kompass.png\",\"contentUrl\":\"https:\\\/\\\/thinking-circular.com\\\/wp-content\\\/uploads\\\/2022\\\/10\\\/10.2022-Standards-Kompass.png\",\"width\":983,\"height\":731},{\"@type\":\"BreadcrumbList\",\"@id\":\"https:\\\/\\\/thinking-circular.com\\\/de\\\/neues-vergleichstool-zu-nachhaltigkeitsstandards-geht-online\\\/#breadcrumb\",\"itemListElement\":[{\"@type\":\"ListItem\",\"position\":1,\"name\":\"Startseite\",\"item\":\"https:\\\/\\\/thinking-circular.com\\\/de\\\/\"},{\"@type\":\"ListItem\",\"position\":2,\"name\":\"Neues Vergleichstool zu Nachhaltigkeitsstandards geht online\"}]},{\"@type\":\"WebSite\",\"@id\":\"https:\\\/\\\/thinking-circular.com\\\/de\\\/#website\",\"url\":\"https:\\\/\\\/thinking-circular.com\\\/de\\\/\",\"name\":\"Thinking Circular\",\"description\":\"Das Multiversum der Kreislaufwirtschaft.\",\"publisher\":{\"@id\":\"https:\\\/\\\/thinking-circular.com\\\/de\\\/#organization\"},\"potentialAction\":[{\"@type\":\"SearchAction\",\"target\":{\"@type\":\"EntryPoint\",\"urlTemplate\":\"https:\\\/\\\/thinking-circular.com\\\/de\\\/?s={search_term_string}\"},\"query-input\":{\"@type\":\"PropertyValueSpecification\",\"valueRequired\":true,\"valueName\":\"search_term_string\"}}],\"inLanguage\":\"de\"},{\"@type\":\"Organization\",\"@id\":\"https:\\\/\\\/thinking-circular.com\\\/de\\\/#organization\",\"name\":\"Thinking Circular\",\"url\":\"https:\\\/\\\/thinking-circular.com\\\/de\\\/\",\"logo\":{\"@type\":\"ImageObject\",\"inLanguage\":\"de\",\"@id\":\"https:\\\/\\\/thinking-circular.com\\\/de\\\/#\\\/schema\\\/logo\\\/image\\\/\",\"url\":\"https:\\\/\\\/thinking-circular.com\\\/wp-content\\\/uploads\\\/2018\\\/03\\\/logo_experts_solo.png\",\"contentUrl\":\"https:\\\/\\\/thinking-circular.com\\\/wp-content\\\/uploads\\\/2018\\\/03\\\/logo_experts_solo.png\",\"width\":535,\"height\":535,\"caption\":\"Thinking Circular\"},\"image\":{\"@id\":\"https:\\\/\\\/thinking-circular.com\\\/de\\\/#\\\/schema\\\/logo\\\/image\\\/\"}},{\"@type\":\"Person\",\"@id\":\"https:\\\/\\\/thinking-circular.com\\\/de\\\/#\\\/schema\\\/person\\\/6f3f86f128eab0494949cbe2b5c0b404\",\"name\":\"Eveline Lemke\",\"url\":\"https:\\\/\\\/thinking-circular.com\\\/de\\\/author\\\/lemke_tc\\\/\"}]}<\/script>\n<!-- \/ Yoast SEO plugin. -->","yoast_head_json":{"title":"Neues Vergleichstool zu Nachhaltigkeitsstandards geht online &#8211; Thinking Circular","robots":{"index":"index","follow":"follow","max-snippet":"max-snippet:-1","max-image-preview":"max-image-preview:large","max-video-preview":"max-video-preview:-1"},"canonical":"https:\/\/thinking-circular.com\/de\/neues-vergleichstool-zu-nachhaltigkeitsstandards-geht-online\/","og_locale":"de_DE","og_type":"article","og_title":"Neues Vergleichstool zu Nachhaltigkeitsstandards geht online &#8211; Thinking Circular","og_description":"Ein neuer Standards-Kompass bietet Orientierung zu nachhaltigen Siegeln, Branchenstandards und Multi-Stakeholder-Initiativen. So k\u00f6nnen auch kleine Unternehmen leichter erkennen, welche Standards zu ihrem Nachhaltigkeitsmanagement passen. Es wurden eine gro\u00dfe und vielf\u00e4ltige Anzahl von Standards mit unterschiedlichen Ans\u00e4tzen im Bereich der Nachhaltigkeit entwickelt. Gerade kleine und mittlere Unternehmen (KMU) verf\u00fcgen oftmals nicht \u00fcber Zeit und Ressourcen, sich selbst einen \u00dcberblick zu verschaffen und qualifizierte Entscheidungen zu treffen, welche Standards sie bei ihren Prozessen unterst\u00fctzen k\u00f6nnen. Das Vergleichstool Standards-Kompass soll nun Klarheit und Orientierung im \u201eSiegel-Dschungel\u201c schaffen. Im Auftrag des Bundesministeriums...","og_url":"https:\/\/thinking-circular.com\/de\/neues-vergleichstool-zu-nachhaltigkeitsstandards-geht-online\/","og_site_name":"Thinking Circular","article_published_time":"2022-10-25T14:22:17+00:00","og_image":[{"width":983,"height":731,"url":"https:\/\/thinking-circular.com\/wp-content\/uploads\/2022\/10\/10.2022-Standards-Kompass.png","type":"image\/png"}],"author":"Eveline Lemke","twitter_card":"summary_large_image","twitter_misc":{"Verfasst von":"Eveline Lemke","Gesch\u00e4tzte Lesezeit":"3\u00a0Minuten"},"schema":{"@context":"https:\/\/schema.org","@graph":[{"@type":"Article","@id":"https:\/\/thinking-circular.com\/de\/neues-vergleichstool-zu-nachhaltigkeitsstandards-geht-online\/#article","isPartOf":{"@id":"https:\/\/thinking-circular.com\/de\/neues-vergleichstool-zu-nachhaltigkeitsstandards-geht-online\/"},"author":{"name":"Eveline Lemke","@id":"https:\/\/thinking-circular.com\/de\/#\/schema\/person\/6f3f86f128eab0494949cbe2b5c0b404"},"headline":"Neues Vergleichstool zu Nachhaltigkeitsstandards geht online","datePublished":"2022-10-25T14:22:17+00:00","mainEntityOfPage":{"@id":"https:\/\/thinking-circular.com\/de\/neues-vergleichstool-zu-nachhaltigkeitsstandards-geht-online\/"},"wordCount":524,"publisher":{"@id":"https:\/\/thinking-circular.com\/de\/#organization"},"image":{"@id":"https:\/\/thinking-circular.com\/de\/neues-vergleichstool-zu-nachhaltigkeitsstandards-geht-online\/#primaryimage"},"thumbnailUrl":"https:\/\/thinking-circular.com\/wp-content\/uploads\/2022\/10\/10.2022-Standards-Kompass.png","articleSection":["Unkategorisiert"],"inLanguage":"de"},{"@type":"WebPage","@id":"https:\/\/thinking-circular.com\/de\/neues-vergleichstool-zu-nachhaltigkeitsstandards-geht-online\/","url":"https:\/\/thinking-circular.com\/de\/neues-vergleichstool-zu-nachhaltigkeitsstandards-geht-online\/","name":"Neues Vergleichstool zu Nachhaltigkeitsstandards geht online &#8211; Thinking Circular","isPartOf":{"@id":"https:\/\/thinking-circular.com\/de\/#website"},"primaryImageOfPage":{"@id":"https:\/\/thinking-circular.com\/de\/neues-vergleichstool-zu-nachhaltigkeitsstandards-geht-online\/#primaryimage"},"image":{"@id":"https:\/\/thinking-circular.com\/de\/neues-vergleichstool-zu-nachhaltigkeitsstandards-geht-online\/#primaryimage"},"thumbnailUrl":"https:\/\/thinking-circular.com\/wp-content\/uploads\/2022\/10\/10.2022-Standards-Kompass.png","datePublished":"2022-10-25T14:22:17+00:00","breadcrumb":{"@id":"https:\/\/thinking-circular.com\/de\/neues-vergleichstool-zu-nachhaltigkeitsstandards-geht-online\/#breadcrumb"},"inLanguage":"de","potentialAction":[{"@type":"ReadAction","target":["https:\/\/thinking-circular.com\/de\/neues-vergleichstool-zu-nachhaltigkeitsstandards-geht-online\/"]}]},{"@type":"ImageObject","inLanguage":"de","@id":"https:\/\/thinking-circular.com\/de\/neues-vergleichstool-zu-nachhaltigkeitsstandards-geht-online\/#primaryimage","url":"https:\/\/thinking-circular.com\/wp-content\/uploads\/2022\/10\/10.2022-Standards-Kompass.png","contentUrl":"https:\/\/thinking-circular.com\/wp-content\/uploads\/2022\/10\/10.2022-Standards-Kompass.png","width":983,"height":731},{"@type":"BreadcrumbList","@id":"https:\/\/thinking-circular.com\/de\/neues-vergleichstool-zu-nachhaltigkeitsstandards-geht-online\/#breadcrumb","itemListElement":[{"@type":"ListItem","position":1,"name":"Startseite","item":"https:\/\/thinking-circular.com\/de\/"},{"@type":"ListItem","position":2,"name":"Neues Vergleichstool zu Nachhaltigkeitsstandards geht online"}]},{"@type":"WebSite","@id":"https:\/\/thinking-circular.com\/de\/#website","url":"https:\/\/thinking-circular.com\/de\/","name":"Thinking Circular","description":"Das Multiversum der Kreislaufwirtschaft.","publisher":{"@id":"https:\/\/thinking-circular.com\/de\/#organization"},"potentialAction":[{"@type":"SearchAction","target":{"@type":"EntryPoint","urlTemplate":"https:\/\/thinking-circular.com\/de\/?s={search_term_string}"},"query-input":{"@type":"PropertyValueSpecification","valueRequired":true,"valueName":"search_term_string"}}],"inLanguage":"de"},{"@type":"Organization","@id":"https:\/\/thinking-circular.com\/de\/#organization","name":"Thinking Circular","url":"https:\/\/thinking-circular.com\/de\/","logo":{"@type":"ImageObject","inLanguage":"de","@id":"https:\/\/thinking-circular.com\/de\/#\/schema\/logo\/image\/","url":"https:\/\/thinking-circular.com\/wp-content\/uploads\/2018\/03\/logo_experts_solo.png","contentUrl":"https:\/\/thinking-circular.com\/wp-content\/uploads\/2018\/03\/logo_experts_solo.png","width":535,"height":535,"caption":"Thinking Circular"},"image":{"@id":"https:\/\/thinking-circular.com\/de\/#\/schema\/logo\/image\/"}},{"@type":"Person","@id":"https:\/\/thinking-circular.com\/de\/#\/schema\/person\/6f3f86f128eab0494949cbe2b5c0b404","name":"Eveline Lemke","url":"https:\/\/thinking-circular.com\/de\/author\/lemke_tc\/"}]}},"_links":{"self":[{"href":"https:\/\/thinking-circular.com\/de\/wp-json\/wp\/v2\/posts\/5603","targetHints":{"allow":["GET"]}}],"collection":[{"href":"https:\/\/thinking-circular.com\/de\/wp-json\/wp\/v2\/posts"}],"about":[{"href":"https:\/\/thinking-circular.com\/de\/wp-json\/wp\/v2\/types\/post"}],"author":[{"embeddable":true,"href":"https:\/\/thinking-circular.com\/de\/wp-json\/wp\/v2\/users\/11"}],"replies":[{"embeddable":true,"href":"https:\/\/thinking-circular.com\/de\/wp-json\/wp\/v2\/comments?post=5603"}],"version-history":[{"count":3,"href":"https:\/\/thinking-circular.com\/de\/wp-json\/wp\/v2\/posts\/5603\/revisions"}],"predecessor-version":[{"id":5608,"href":"https:\/\/thinking-circular.com\/de\/wp-json\/wp\/v2\/posts\/5603\/revisions\/5608"}],"wp:featuredmedia":[{"embeddable":true,"href":"https:\/\/thinking-circular.com\/de\/wp-json\/wp\/v2\/media\/5604"}],"wp:attachment":[{"href":"https:\/\/thinking-circular.com\/de\/wp-json\/wp\/v2\/media?parent=5603"}],"wp:term":[{"taxonomy":"category","embeddable":true,"href":"https:\/\/thinking-circular.com\/de\/wp-json\/wp\/v2\/categories?post=5603"},{"taxonomy":"post_tag","embeddable":true,"href":"https:\/\/thinking-circular.com\/de\/wp-json\/wp\/v2\/tags?post=5603"}],"curies":[{"name":"wp","href":"https:\/\/api.w.org\/{rel}","templated":true}]}}