{"id":6003,"date":"2023-03-07T11:40:33","date_gmt":"2023-03-07T10:40:33","guid":{"rendered":"https:\/\/thinking-circular.com\/?p=6003"},"modified":"2023-03-07T11:40:33","modified_gmt":"2023-03-07T10:40:33","slug":"foerderung-fuer-unternehmensberatung-so-gehts","status":"publish","type":"post","link":"https:\/\/thinking-circular.com\/de\/foerderung-fuer-unternehmensberatung-so-gehts\/","title":{"rendered":"F\u00f6rderung f\u00fcr Unternehmensberatung \u2013 so geht\u2019s!"},"content":{"rendered":"<p style=\"font-weight: 400;\">Seit Januar 2023 f\u00f6rdert die EU kleine und mittlere Unternehmen bei der Planung Ihrer Gr\u00fcnen Transformation. Im Rahmen des Europ\u00e4ischen Sozialfonds Plus (ESF Plus) wird f\u00fcr die Inanspruchnahme von Unternehmensberatung Geld ausgesch\u00fcttet. Damit sollen die Erfolgsaussichten, die Leistung- und Wettbewerbsf\u00e4higkeit sowie die Besch\u00e4ftigungs- und Anpassungsf\u00e4higkeit verbessert werden. Die F\u00f6rderung wird ausgesch\u00fcttet, wenn ein Berater beauftragt wird, der als solcher von der BAFA (Bundesamt f\u00fcr Ausfuhrkontrolle) anerkannt ist.<\/p>\n<p style=\"font-weight: 400;\"><img decoding=\"async\" class=\"alignright wp-image-1966 size-thumbnail\" src=\"https:\/\/thinking-circular.com\/wp-content\/uploads\/2019\/11\/SDGs-rund-mit-Schrift-150x150.png\" alt=\"\" width=\"150\" height=\"150\" srcset=\"https:\/\/thinking-circular.com\/wp-content\/uploads\/2019\/11\/SDGs-rund-mit-Schrift-150x150.png 150w, https:\/\/thinking-circular.com\/wp-content\/uploads\/2019\/11\/SDGs-rund-mit-Schrift-300x300.png 300w, https:\/\/thinking-circular.com\/wp-content\/uploads\/2019\/11\/SDGs-rund-mit-Schrift.png 500w\" sizes=\"(max-width: 150px) 100vw, 150px\" \/>Die Beratungsleistungen sollen die Ziele der Deutschen Nachhaltigkeitsstrategie und der Treibhausgasneutralit\u00e4t bis 2045 ber\u00fccksichtigen \u2013 das ist nur logisch, sonst w\u00e4re es ja auch keine Beratung im Rahmen des Green Deal.<\/p>\n<p style=\"font-weight: 400;\">Wie hoch ist der Zuschuss?<\/p>\n<p style=\"font-weight: 400;\">Der Zuschuss betr\u00e4gt 50% der f\u00f6rderf\u00e4higen Beratungskosten, maximal jedoch 1.750 Euro pro Beratung. Der Zuschuss kann f\u00fcr bis zu 5 F\u00f6rderungen beantragt werden, jedoch maximal zwei Mal pro Jahr. Dabei darf eine Beratung maximal 5 Beratertag zur Individualberatung umfassen. Diese Regelung erm\u00f6glicht die Begleitung eines KMU in der Transformation mit 2mal j\u00e4hrlichen Beratereinheiten von 5 Tagen \u00fcber die Dauer von 2,5 Jahren. Das ist eine ordentliche Hilfe mit einer F\u00f6rdersumme bis zu 8.750,- \u00fcber den gesamten Zeitraum und unter Aussch\u00f6pfung der maximal m\u00f6glichen Beratungen.<\/p>\n<p style=\"font-weight: 400;\">Wir helfen Ihnen gerne bei der Antragstellung. Eine Bedingung f\u00fcr die Antragstellung ist ein fundiertes Beratungsangebot, das wir Ihnen gerne erstellen. Mehr Informationen erhalten Sie hier auf dem <a href=\"https:\/\/www.bafa.de\/DE\/Wirtschaft\/Beratung_Finanzierung\/Unternehmensberatung\/unternehmensberatung_node.html\" target=\"_blank\" rel=\"noopener noreferrer nofollow\">Portal der BAFA<\/a>(Bundesamt f\u00fcr Wirtschaft und Ausfuhrkontrolle).<\/p>\n<p><span style=\"font-weight: 400;\">Unser Thinking Circular\u00ae Team ist von der BAFA als Berater anerkannt.<\/span><\/p>\n","protected":false},"excerpt":{"rendered":"<p>Seit Januar 2023 f\u00f6rdert die EU kleine und mittlere Unternehmen bei der Planung Ihrer Gr\u00fcnen Transformation. Im Rahmen des Europ\u00e4ischen Sozialfonds Plus (ESF Plus) wird f\u00fcr die Inanspruchnahme von Unternehmensberatung Geld ausgesch\u00fcttet. Damit sollen die Erfolgsaussichten, die Leistung- und Wettbewerbsf\u00e4higkeit sowie die Besch\u00e4ftigungs- und Anpassungsf\u00e4higkeit verbessert werden. Die F\u00f6rderung wird ausgesch\u00fcttet, wenn ein Berater beauftragt wird, der als solcher von der BAFA (Bundesamt f\u00fcr Ausfuhrkontrolle) anerkannt ist. Die Beratungsleistungen sollen die Ziele der Deutschen Nachhaltigkeitsstrategie und der Treibhausgasneutralit\u00e4t bis 2045 ber\u00fccksichtigen \u2013 das ist nur logisch, sonst w\u00e4re&#8230;<\/p>\n","protected":false},"author":11,"featured_media":6006,"comment_status":"closed","ping_status":"closed","sticky":false,"template":"","format":"standard","meta":{"footnotes":""},"categories":[12],"tags":[138,137,136,135],"class_list":["post-6003","post","type-post","status-publish","format-standard","has-post-thumbnail","hentry","category-news-articles-de","tag-bafa","tag-green-new-deal","tag-kmu","tag-unternehmensberatung"],"yoast_head":"<!-- This site is optimized with the Yoast SEO plugin v27.4 - https:\/\/yoast.com\/product\/yoast-seo-wordpress\/ -->\n<title>F\u00f6rderung f\u00fcr Unternehmensberatung \u2013 so geht\u2019s! &#8211; Thinking Circular<\/title>\n<meta name=\"description\" content=\"Seit Januar 2023 f\u00f6rdert die EU kleine und mittlere Unternehmen bei der Planung Ihrer Gr\u00fcnen Transformation\" \/>\n<meta name=\"robots\" content=\"index, follow, max-snippet:-1, max-image-preview:large, max-video-preview:-1\" \/>\n<link rel=\"canonical\" href=\"https:\/\/thinking-circular.com\/de\/foerderung-fuer-unternehmensberatung-so-gehts\/\" \/>\n<meta property=\"og:locale\" content=\"de_DE\" \/>\n<meta property=\"og:type\" content=\"article\" \/>\n<meta property=\"og:title\" content=\"F\u00f6rderung f\u00fcr Unternehmensberatung \u2013 so geht\u2019s! &#8211; Thinking Circular\" \/>\n<meta property=\"og:description\" content=\"Seit Januar 2023 f\u00f6rdert die EU kleine und mittlere Unternehmen bei der Planung Ihrer Gr\u00fcnen Transformation\" \/>\n<meta property=\"og:url\" content=\"https:\/\/thinking-circular.com\/de\/foerderung-fuer-unternehmensberatung-so-gehts\/\" \/>\n<meta property=\"og:site_name\" content=\"Thinking Circular\" \/>\n<meta property=\"article:published_time\" content=\"2023-03-07T10:40:33+00:00\" \/>\n<meta property=\"og:image\" content=\"https:\/\/thinking-circular.com\/wp-content\/uploads\/2023\/03\/Unternehmensberatung.jpg\" \/>\n\t<meta property=\"og:image:width\" content=\"1300\" \/>\n\t<meta property=\"og:image:height\" content=\"867\" \/>\n\t<meta property=\"og:image:type\" content=\"image\/jpeg\" \/>\n<meta name=\"author\" content=\"Eveline Lemke\" \/>\n<meta name=\"twitter:card\" content=\"summary_large_image\" \/>\n<meta name=\"twitter:label1\" content=\"Verfasst von\" \/>\n\t<meta name=\"twitter:data1\" content=\"Eveline Lemke\" \/>\n\t<meta name=\"twitter:label2\" content=\"Gesch\u00e4tzte Lesezeit\" \/>\n\t<meta name=\"twitter:data2\" content=\"2\u00a0Minuten\" \/>\n<script type=\"application\/ld+json\" class=\"yoast-schema-graph\">{\"@context\":\"https:\\\/\\\/schema.org\",\"@graph\":[{\"@type\":\"Article\",\"@id\":\"https:\\\/\\\/thinking-circular.com\\\/de\\\/foerderung-fuer-unternehmensberatung-so-gehts\\\/#article\",\"isPartOf\":{\"@id\":\"https:\\\/\\\/thinking-circular.com\\\/de\\\/foerderung-fuer-unternehmensberatung-so-gehts\\\/\"},\"author\":{\"name\":\"Eveline Lemke\",\"@id\":\"https:\\\/\\\/thinking-circular.com\\\/de\\\/#\\\/schema\\\/person\\\/6f3f86f128eab0494949cbe2b5c0b404\"},\"headline\":\"F\u00f6rderung f\u00fcr Unternehmensberatung \u2013 so geht\u2019s!\",\"datePublished\":\"2023-03-07T10:40:33+00:00\",\"mainEntityOfPage\":{\"@id\":\"https:\\\/\\\/thinking-circular.com\\\/de\\\/foerderung-fuer-unternehmensberatung-so-gehts\\\/\"},\"wordCount\":259,\"publisher\":{\"@id\":\"https:\\\/\\\/thinking-circular.com\\\/de\\\/#organization\"},\"image\":{\"@id\":\"https:\\\/\\\/thinking-circular.com\\\/de\\\/foerderung-fuer-unternehmensberatung-so-gehts\\\/#primaryimage\"},\"thumbnailUrl\":\"https:\\\/\\\/thinking-circular.com\\\/wp-content\\\/uploads\\\/2023\\\/03\\\/Unternehmensberatung.jpg\",\"keywords\":[\"#bafa\",\"Green New Deal\",\"KMU\",\"Unternehmensberatung\"],\"articleSection\":[\"News\"],\"inLanguage\":\"de\"},{\"@type\":\"WebPage\",\"@id\":\"https:\\\/\\\/thinking-circular.com\\\/de\\\/foerderung-fuer-unternehmensberatung-so-gehts\\\/\",\"url\":\"https:\\\/\\\/thinking-circular.com\\\/de\\\/foerderung-fuer-unternehmensberatung-so-gehts\\\/\",\"name\":\"F\u00f6rderung f\u00fcr Unternehmensberatung \u2013 so geht\u2019s! &#8211; Thinking Circular\",\"isPartOf\":{\"@id\":\"https:\\\/\\\/thinking-circular.com\\\/de\\\/#website\"},\"primaryImageOfPage\":{\"@id\":\"https:\\\/\\\/thinking-circular.com\\\/de\\\/foerderung-fuer-unternehmensberatung-so-gehts\\\/#primaryimage\"},\"image\":{\"@id\":\"https:\\\/\\\/thinking-circular.com\\\/de\\\/foerderung-fuer-unternehmensberatung-so-gehts\\\/#primaryimage\"},\"thumbnailUrl\":\"https:\\\/\\\/thinking-circular.com\\\/wp-content\\\/uploads\\\/2023\\\/03\\\/Unternehmensberatung.jpg\",\"datePublished\":\"2023-03-07T10:40:33+00:00\",\"description\":\"Seit Januar 2023 f\u00f6rdert die EU kleine und mittlere Unternehmen bei der Planung Ihrer Gr\u00fcnen Transformation\",\"breadcrumb\":{\"@id\":\"https:\\\/\\\/thinking-circular.com\\\/de\\\/foerderung-fuer-unternehmensberatung-so-gehts\\\/#breadcrumb\"},\"inLanguage\":\"de\",\"potentialAction\":[{\"@type\":\"ReadAction\",\"target\":[\"https:\\\/\\\/thinking-circular.com\\\/de\\\/foerderung-fuer-unternehmensberatung-so-gehts\\\/\"]}]},{\"@type\":\"ImageObject\",\"inLanguage\":\"de\",\"@id\":\"https:\\\/\\\/thinking-circular.com\\\/de\\\/foerderung-fuer-unternehmensberatung-so-gehts\\\/#primaryimage\",\"url\":\"https:\\\/\\\/thinking-circular.com\\\/wp-content\\\/uploads\\\/2023\\\/03\\\/Unternehmensberatung.jpg\",\"contentUrl\":\"https:\\\/\\\/thinking-circular.com\\\/wp-content\\\/uploads\\\/2023\\\/03\\\/Unternehmensberatung.jpg\",\"width\":1300,\"height\":867},{\"@type\":\"BreadcrumbList\",\"@id\":\"https:\\\/\\\/thinking-circular.com\\\/de\\\/foerderung-fuer-unternehmensberatung-so-gehts\\\/#breadcrumb\",\"itemListElement\":[{\"@type\":\"ListItem\",\"position\":1,\"name\":\"Startseite\",\"item\":\"https:\\\/\\\/thinking-circular.com\\\/de\\\/\"},{\"@type\":\"ListItem\",\"position\":2,\"name\":\"F\u00f6rderung f\u00fcr Unternehmensberatung \u2013 so geht\u2019s!\"}]},{\"@type\":\"WebSite\",\"@id\":\"https:\\\/\\\/thinking-circular.com\\\/de\\\/#website\",\"url\":\"https:\\\/\\\/thinking-circular.com\\\/de\\\/\",\"name\":\"Thinking Circular\",\"description\":\"Das Multiversum der Kreislaufwirtschaft.\",\"publisher\":{\"@id\":\"https:\\\/\\\/thinking-circular.com\\\/de\\\/#organization\"},\"potentialAction\":[{\"@type\":\"SearchAction\",\"target\":{\"@type\":\"EntryPoint\",\"urlTemplate\":\"https:\\\/\\\/thinking-circular.com\\\/de\\\/?s={search_term_string}\"},\"query-input\":{\"@type\":\"PropertyValueSpecification\",\"valueRequired\":true,\"valueName\":\"search_term_string\"}}],\"inLanguage\":\"de\"},{\"@type\":\"Organization\",\"@id\":\"https:\\\/\\\/thinking-circular.com\\\/de\\\/#organization\",\"name\":\"Thinking Circular\",\"url\":\"https:\\\/\\\/thinking-circular.com\\\/de\\\/\",\"logo\":{\"@type\":\"ImageObject\",\"inLanguage\":\"de\",\"@id\":\"https:\\\/\\\/thinking-circular.com\\\/de\\\/#\\\/schema\\\/logo\\\/image\\\/\",\"url\":\"https:\\\/\\\/thinking-circular.com\\\/wp-content\\\/uploads\\\/2018\\\/03\\\/logo_experts_solo.png\",\"contentUrl\":\"https:\\\/\\\/thinking-circular.com\\\/wp-content\\\/uploads\\\/2018\\\/03\\\/logo_experts_solo.png\",\"width\":535,\"height\":535,\"caption\":\"Thinking Circular\"},\"image\":{\"@id\":\"https:\\\/\\\/thinking-circular.com\\\/de\\\/#\\\/schema\\\/logo\\\/image\\\/\"}},{\"@type\":\"Person\",\"@id\":\"https:\\\/\\\/thinking-circular.com\\\/de\\\/#\\\/schema\\\/person\\\/6f3f86f128eab0494949cbe2b5c0b404\",\"name\":\"Eveline Lemke\",\"url\":\"https:\\\/\\\/thinking-circular.com\\\/de\\\/author\\\/lemke_tc\\\/\"}]}<\/script>\n<!-- \/ Yoast SEO plugin. -->","yoast_head_json":{"title":"F\u00f6rderung f\u00fcr Unternehmensberatung \u2013 so geht\u2019s! &#8211; Thinking Circular","description":"Seit Januar 2023 f\u00f6rdert die EU kleine und mittlere Unternehmen bei der Planung Ihrer Gr\u00fcnen Transformation","robots":{"index":"index","follow":"follow","max-snippet":"max-snippet:-1","max-image-preview":"max-image-preview:large","max-video-preview":"max-video-preview:-1"},"canonical":"https:\/\/thinking-circular.com\/de\/foerderung-fuer-unternehmensberatung-so-gehts\/","og_locale":"de_DE","og_type":"article","og_title":"F\u00f6rderung f\u00fcr Unternehmensberatung \u2013 so geht\u2019s! &#8211; Thinking Circular","og_description":"Seit Januar 2023 f\u00f6rdert die EU kleine und mittlere Unternehmen bei der Planung Ihrer Gr\u00fcnen Transformation","og_url":"https:\/\/thinking-circular.com\/de\/foerderung-fuer-unternehmensberatung-so-gehts\/","og_site_name":"Thinking Circular","article_published_time":"2023-03-07T10:40:33+00:00","og_image":[{"width":1300,"height":867,"url":"https:\/\/thinking-circular.com\/wp-content\/uploads\/2023\/03\/Unternehmensberatung.jpg","type":"image\/jpeg"}],"author":"Eveline Lemke","twitter_card":"summary_large_image","twitter_misc":{"Verfasst von":"Eveline Lemke","Gesch\u00e4tzte Lesezeit":"2\u00a0Minuten"},"schema":{"@context":"https:\/\/schema.org","@graph":[{"@type":"Article","@id":"https:\/\/thinking-circular.com\/de\/foerderung-fuer-unternehmensberatung-so-gehts\/#article","isPartOf":{"@id":"https:\/\/thinking-circular.com\/de\/foerderung-fuer-unternehmensberatung-so-gehts\/"},"author":{"name":"Eveline Lemke","@id":"https:\/\/thinking-circular.com\/de\/#\/schema\/person\/6f3f86f128eab0494949cbe2b5c0b404"},"headline":"F\u00f6rderung f\u00fcr Unternehmensberatung \u2013 so geht\u2019s!","datePublished":"2023-03-07T10:40:33+00:00","mainEntityOfPage":{"@id":"https:\/\/thinking-circular.com\/de\/foerderung-fuer-unternehmensberatung-so-gehts\/"},"wordCount":259,"publisher":{"@id":"https:\/\/thinking-circular.com\/de\/#organization"},"image":{"@id":"https:\/\/thinking-circular.com\/de\/foerderung-fuer-unternehmensberatung-so-gehts\/#primaryimage"},"thumbnailUrl":"https:\/\/thinking-circular.com\/wp-content\/uploads\/2023\/03\/Unternehmensberatung.jpg","keywords":["#bafa","Green New Deal","KMU","Unternehmensberatung"],"articleSection":["News"],"inLanguage":"de"},{"@type":"WebPage","@id":"https:\/\/thinking-circular.com\/de\/foerderung-fuer-unternehmensberatung-so-gehts\/","url":"https:\/\/thinking-circular.com\/de\/foerderung-fuer-unternehmensberatung-so-gehts\/","name":"F\u00f6rderung f\u00fcr Unternehmensberatung \u2013 so geht\u2019s! &#8211; Thinking Circular","isPartOf":{"@id":"https:\/\/thinking-circular.com\/de\/#website"},"primaryImageOfPage":{"@id":"https:\/\/thinking-circular.com\/de\/foerderung-fuer-unternehmensberatung-so-gehts\/#primaryimage"},"image":{"@id":"https:\/\/thinking-circular.com\/de\/foerderung-fuer-unternehmensberatung-so-gehts\/#primaryimage"},"thumbnailUrl":"https:\/\/thinking-circular.com\/wp-content\/uploads\/2023\/03\/Unternehmensberatung.jpg","datePublished":"2023-03-07T10:40:33+00:00","description":"Seit Januar 2023 f\u00f6rdert die EU kleine und mittlere Unternehmen bei der Planung Ihrer Gr\u00fcnen Transformation","breadcrumb":{"@id":"https:\/\/thinking-circular.com\/de\/foerderung-fuer-unternehmensberatung-so-gehts\/#breadcrumb"},"inLanguage":"de","potentialAction":[{"@type":"ReadAction","target":["https:\/\/thinking-circular.com\/de\/foerderung-fuer-unternehmensberatung-so-gehts\/"]}]},{"@type":"ImageObject","inLanguage":"de","@id":"https:\/\/thinking-circular.com\/de\/foerderung-fuer-unternehmensberatung-so-gehts\/#primaryimage","url":"https:\/\/thinking-circular.com\/wp-content\/uploads\/2023\/03\/Unternehmensberatung.jpg","contentUrl":"https:\/\/thinking-circular.com\/wp-content\/uploads\/2023\/03\/Unternehmensberatung.jpg","width":1300,"height":867},{"@type":"BreadcrumbList","@id":"https:\/\/thinking-circular.com\/de\/foerderung-fuer-unternehmensberatung-so-gehts\/#breadcrumb","itemListElement":[{"@type":"ListItem","position":1,"name":"Startseite","item":"https:\/\/thinking-circular.com\/de\/"},{"@type":"ListItem","position":2,"name":"F\u00f6rderung f\u00fcr Unternehmensberatung \u2013 so geht\u2019s!"}]},{"@type":"WebSite","@id":"https:\/\/thinking-circular.com\/de\/#website","url":"https:\/\/thinking-circular.com\/de\/","name":"Thinking Circular","description":"Das Multiversum der Kreislaufwirtschaft.","publisher":{"@id":"https:\/\/thinking-circular.com\/de\/#organization"},"potentialAction":[{"@type":"SearchAction","target":{"@type":"EntryPoint","urlTemplate":"https:\/\/thinking-circular.com\/de\/?s={search_term_string}"},"query-input":{"@type":"PropertyValueSpecification","valueRequired":true,"valueName":"search_term_string"}}],"inLanguage":"de"},{"@type":"Organization","@id":"https:\/\/thinking-circular.com\/de\/#organization","name":"Thinking Circular","url":"https:\/\/thinking-circular.com\/de\/","logo":{"@type":"ImageObject","inLanguage":"de","@id":"https:\/\/thinking-circular.com\/de\/#\/schema\/logo\/image\/","url":"https:\/\/thinking-circular.com\/wp-content\/uploads\/2018\/03\/logo_experts_solo.png","contentUrl":"https:\/\/thinking-circular.com\/wp-content\/uploads\/2018\/03\/logo_experts_solo.png","width":535,"height":535,"caption":"Thinking Circular"},"image":{"@id":"https:\/\/thinking-circular.com\/de\/#\/schema\/logo\/image\/"}},{"@type":"Person","@id":"https:\/\/thinking-circular.com\/de\/#\/schema\/person\/6f3f86f128eab0494949cbe2b5c0b404","name":"Eveline Lemke","url":"https:\/\/thinking-circular.com\/de\/author\/lemke_tc\/"}]}},"_links":{"self":[{"href":"https:\/\/thinking-circular.com\/de\/wp-json\/wp\/v2\/posts\/6003","targetHints":{"allow":["GET"]}}],"collection":[{"href":"https:\/\/thinking-circular.com\/de\/wp-json\/wp\/v2\/posts"}],"about":[{"href":"https:\/\/thinking-circular.com\/de\/wp-json\/wp\/v2\/types\/post"}],"author":[{"embeddable":true,"href":"https:\/\/thinking-circular.com\/de\/wp-json\/wp\/v2\/users\/11"}],"replies":[{"embeddable":true,"href":"https:\/\/thinking-circular.com\/de\/wp-json\/wp\/v2\/comments?post=6003"}],"version-history":[{"count":4,"href":"https:\/\/thinking-circular.com\/de\/wp-json\/wp\/v2\/posts\/6003\/revisions"}],"predecessor-version":[{"id":6058,"href":"https:\/\/thinking-circular.com\/de\/wp-json\/wp\/v2\/posts\/6003\/revisions\/6058"}],"wp:featuredmedia":[{"embeddable":true,"href":"https:\/\/thinking-circular.com\/de\/wp-json\/wp\/v2\/media\/6006"}],"wp:attachment":[{"href":"https:\/\/thinking-circular.com\/de\/wp-json\/wp\/v2\/media?parent=6003"}],"wp:term":[{"taxonomy":"category","embeddable":true,"href":"https:\/\/thinking-circular.com\/de\/wp-json\/wp\/v2\/categories?post=6003"},{"taxonomy":"post_tag","embeddable":true,"href":"https:\/\/thinking-circular.com\/de\/wp-json\/wp\/v2\/tags?post=6003"}],"curies":[{"name":"wp","href":"https:\/\/api.w.org\/{rel}","templated":true}]}}